{"id":3770,"date":"2013-12-16T03:00:00","date_gmt":"2013-12-16T05:00:00","guid":{"rendered":"http:\/\/catolicanet.net\/wp-cnet\/patoral-da-juventude-62o-jornada-de-conscientizacao-crista\/"},"modified":"2017-03-24T14:26:21","modified_gmt":"2017-03-24T17:26:21","slug":"patoral-da-juventude-62o-jornada-de-conscientizacao-crista","status":"publish","type":"post","link":"https:\/\/catolicanet.net\/wp-cnet\/patoral-da-juventude-62o-jornada-de-conscientizacao-crista\/","title":{"rendered":"Patoral da Juventude &#8211; 62\u00aa. Jornada de Conscientiza\u00e7\u00e3o Crist\u00e3"},"content":{"rendered":"<p style=\"text-align: justify;\">Coroando suas admir\u00e1veis atividades no ano de 2013, o Grupo Jovens Seguidores de Cristo da Par\u00f3quia de Santa Rita de C\u00e1ssia, em Vi\u00e7osa (MG)\u00a0 promoveu a 62a\u00a0 Jornada de Conscientiza\u00e7\u00e3o Crist\u00e3 nos dias 13 a 15 de dezembro. Cerca de 70 jovens da regi\u00e3o se reuniram para refletir, rezar e se tornarem ainda mais perfeitos disc\u00edpulos de Jesus Cristo. Preparado, tamb\u00e9m este Encontro, pelos Dirigentes do JSC, com v\u00e1rias reuni\u00f5es, preces e Missas, atingiu o mesmo not\u00e1vel \u00eaxito espiritual. As palestras foram proferidas pelos antigos membros do JSC, pelo Diretor Espiritual e palestristas atuantes em outros movimentos pastorais. O neo-sacerdote Edir ajudou nas Confiss\u00f5es. Na Missa de encerramento o C\u00f4n. Jos\u00e9 Geraldo mostrou aos jovens que, participando do m\u00fanus prof\u00e9tico de Cristo pelo batismo, o seguidor de Cristo, a exemplo de S\u00e3o Jo\u00e3o Batista, ultrapassa as barreiras da infidelidade a Deus, do esc\u00e2ndalo das paix\u00f5es descontroladas, das banalidades do luxo, do desprezo para com os mais necessitados. \u00c9 que, explicou o C\u00f4nego, Jo\u00e3o Batista inaugurou uma nova profecia, a dos tempos da Igreja que consiste em anunciar a reden\u00e7\u00e3o, a revelar a atua\u00e7\u00e3o de Jesus num mundo paganizado, hedonista. As reuni\u00f5es do JSC se d\u00e3o aos s\u00e1bados \u00e0s 17 horas no Sal\u00e3o Paroquial ap\u00f3s a Missa a\u00ed celebrada, da qual participam tamb\u00e9m os Adolescentes Seguidores de Cristo (ASC). Pedem-se preces pela perseveran\u00e7a destes jovens idealistas.<\/p>\n<p style=\"text-align: center;\"><img loading=\"lazy\" decoding=\"async\" src=\"http:\/\/www.catolicanet.com.br\/images\/stories\/pastoraldajuventudejornadadeconscientizacao.jpg\" border=\"0\" width=\"463\" height=\"183\" \/><\/p>\n<p style=\"text-align: center;\">\u00a0<\/p>\n<p style=\"text-align: left;\"><strong>Local: Vi\u00e7osa (MG)<br \/>Fonte:\u00a0 C\u00f4nego Jos\u00e9 Geraldo Vidigal de Carvalho<\/strong><\/p>\n","protected":false},"excerpt":{"rendered":"<p>Coroando suas admir\u00e1veis atividades no ano de 2013, o Grupo Jovens Seguidores de Cristo da Par\u00f3quia de Santa Rita de C\u00e1ssia, em Vi\u00e7osa (MG)\u00a0 promoveu a 62a\u00a0 Jornada de Conscientiza\u00e7\u00e3o Crist\u00e3 nos dias 13 a 15 de dezembro. Cerca de 70 jovens da regi\u00e3o se reuniram para refletir, rezar e se tornarem ainda mais perfeitos [&hellip;]<\/p>\n","protected":false},"author":1,"featured_media":3769,"comment_status":"closed","ping_status":"closed","sticky":false,"template":"","format":"standard","meta":{"footnotes":""},"categories":[4],"tags":[],"class_list":["post-3770","post","type-post","status-publish","format-standard","has-post-thumbnail","hentry","category-cotidiano"],"_links":{"self":[{"href":"https:\/\/catolicanet.net\/wp-cnet\/wp-json\/wp\/v2\/posts\/3770","targetHints":{"allow":["GET"]}}],"collection":[{"href":"https:\/\/catolicanet.net\/wp-cnet\/wp-json\/wp\/v2\/posts"}],"about":[{"href":"https:\/\/catolicanet.net\/wp-cnet\/wp-json\/wp\/v2\/types\/post"}],"author":[{"embeddable":true,"href":"https:\/\/catolicanet.net\/wp-cnet\/wp-json\/wp\/v2\/users\/1"}],"replies":[{"embeddable":true,"href":"https:\/\/catolicanet.net\/wp-cnet\/wp-json\/wp\/v2\/comments?post=3770"}],"version-history":[{"count":1,"href":"https:\/\/catolicanet.net\/wp-cnet\/wp-json\/wp\/v2\/posts\/3770\/revisions"}],"predecessor-version":[{"id":8015,"href":"https:\/\/catolicanet.net\/wp-cnet\/wp-json\/wp\/v2\/posts\/3770\/revisions\/8015"}],"wp:featuredmedia":[{"embeddable":true,"href":"https:\/\/catolicanet.net\/wp-cnet\/wp-json\/wp\/v2\/media\/3769"}],"wp:attachment":[{"href":"https:\/\/catolicanet.net\/wp-cnet\/wp-json\/wp\/v2\/media?parent=3770"}],"wp:term":[{"taxonomy":"category","embeddable":true,"href":"https:\/\/catolicanet.net\/wp-cnet\/wp-json\/wp\/v2\/categories?post=3770"},{"taxonomy":"post_tag","embeddable":true,"href":"https:\/\/catolicanet.net\/wp-cnet\/wp-json\/wp\/v2\/tags?post=3770"}],"curies":[{"name":"wp","href":"https:\/\/api.w.org\/{rel}","templated":true}]}}