{"id":37683,"date":"2018-01-26T16:34:51","date_gmt":"2018-01-26T18:34:51","guid":{"rendered":"http:\/\/catolicanet.net\/wp-cnet\/?p=37683"},"modified":"2018-02-01T10:38:44","modified_gmt":"2018-02-01T12:38:44","slug":"franca-e-praticamente-impossivel-para-os-medicos-rejeitar-o-aborto-denuncia-enfermeira","status":"publish","type":"post","link":"https:\/\/catolicanet.net\/wp-cnet\/franca-e-praticamente-impossivel-para-os-medicos-rejeitar-o-aborto-denuncia-enfermeira\/","title":{"rendered":"Fran\u00e7a: \u00c9 praticamente imposs\u00edvel para os m\u00e9dicos rejeitar o aborto, denuncia enfermeira"},"content":{"rendered":"<p>PARIS, 26 Jan. 18 \/ 04:00 pm (ACI).- Durante a Marcha pela Vida em Paris, realizada no dia 21 de janeiro, houve numerosos testemunhos a favor da vida, como o de Madeleine, uma enfermeira francesa que assinalou que, embora a lei lhes permita recha\u00e7ar o aborto, as press\u00f5es impedem que os profissionais da \u00e1rea da sa\u00fade se recusem a pratic\u00e1-lo.<\/p>\n<p>Madeleine \u00e9 uma enfermeira francesa que participou da Marcha pela Vida em Paris (Fran\u00e7a) e, em declara\u00e7\u00f5es ao Grupo ACI, explicou como v\u00ea o aborto na perspectiva de uma professional da \u00e1rea da sa\u00fade.<\/p>\n<p>\u201cVejo o que acontece nas salas de cirurgia. Vejo a realidade do aborto a partir da vis\u00e3o de um m\u00e9dico e \u00e9 traumatizante ver o corpo de uma crian\u00e7a em uma caixa de pl\u00e1stico no laborat\u00f3rio, em vez de estar nos bra\u00e7os dos seus pais. \u00c9 algo traum\u00e1tico para a equipe m\u00e9dica\u201d, assegurou.<\/p>\n<p>Al\u00e9m disso, indicou que \u201cningu\u00e9m estudou enfermagem ou medicina para ver isso. Estudamos a nossa carreira para proteger a vida, para alivi\u00e1-la, acompanh\u00e1-la\u201d.<\/p>\n<p>Nesse sentido, Madeleine destacou a \u201cfalta de liberdade dos profissionais m\u00e9dicos\u201d ante a legisla\u00e7\u00e3o francesa atual.<\/p>\n<p>\u201cAcho terr\u00edvel o fato de que n\u00e3o sejamos livres em nosso atos quando somos respons\u00e1veis por eles. Se eu n\u00e3o concordo com algo, deveria ter o direito de n\u00e3o faz\u00ea-lo\u201d, declarou a enfermeira ao Grupo ACI.<\/p>\n<p>\u201cTemos tanta press\u00e3o externa que, embora a lei nos permita negar, realmente sentimos a press\u00e3o e nos sentimos obrigados a fazer coisas que n\u00e3o queremos\u201d, explicou e insistiu que entre a equipe m\u00e9dica existe uma \u201cvontade de proteger a vida contra a viol\u00eancia e a morte\u201d.<\/p>\n<p>A enfermeira tamb\u00e9m fez um apelo aos seus colegas de trabalho: \u201cIsso n\u00e3o deve ser um tabu. Temos que estar de acordo com n\u00f3s mesmos e com as nossas a\u00e7\u00f5es\u201d.<\/p>\n<p>Por isso, incentivou os seus colegas da \u00e1rea da sa\u00fade a serem capazes de dizer \u201ceu n\u00e3o quero fazer isso, \u00e9 horr\u00edvel\u201d. \u201cEu n\u00e3o julgo ningu\u00e9m, \u00e9 claro que n\u00e3o julgo essas mulheres, gostaria de abra\u00e7\u00e1-las. Tamb\u00e9m n\u00e3o julgo a equipe m\u00e9dica que n\u00e3o concorda comigo, mas eu n\u00e3o quero carregar esse peso (do aborto)\u201d.<\/p>\n<p>&nbsp;<\/p>\n<p>Fonte: Acidigital<\/p>\n","protected":false},"excerpt":{"rendered":"<p>PARIS, 26 Jan. 18 \/ 04:00 pm (ACI).- Durante a Marcha pela Vida em Paris, realizada no dia 21 de janeiro, houve numerosos testemunhos a favor da vida, como o de Madeleine, uma enfermeira francesa que assinalou que, embora a lei lhes permita recha\u00e7ar o aborto, as press\u00f5es impedem que os profissionais da \u00e1rea da [&hellip;]<\/p>\n","protected":false},"author":1,"featured_media":37684,"comment_status":"open","ping_status":"closed","sticky":false,"template":"","format":"standard","meta":{"footnotes":""},"categories":[4],"tags":[],"class_list":["post-37683","post","type-post","status-publish","format-standard","has-post-thumbnail","hentry","category-cotidiano"],"_links":{"self":[{"href":"https:\/\/catolicanet.net\/wp-cnet\/wp-json\/wp\/v2\/posts\/37683","targetHints":{"allow":["GET"]}}],"collection":[{"href":"https:\/\/catolicanet.net\/wp-cnet\/wp-json\/wp\/v2\/posts"}],"about":[{"href":"https:\/\/catolicanet.net\/wp-cnet\/wp-json\/wp\/v2\/types\/post"}],"author":[{"embeddable":true,"href":"https:\/\/catolicanet.net\/wp-cnet\/wp-json\/wp\/v2\/users\/1"}],"replies":[{"embeddable":true,"href":"https:\/\/catolicanet.net\/wp-cnet\/wp-json\/wp\/v2\/comments?post=37683"}],"version-history":[{"count":1,"href":"https:\/\/catolicanet.net\/wp-cnet\/wp-json\/wp\/v2\/posts\/37683\/revisions"}],"predecessor-version":[{"id":37685,"href":"https:\/\/catolicanet.net\/wp-cnet\/wp-json\/wp\/v2\/posts\/37683\/revisions\/37685"}],"wp:featuredmedia":[{"embeddable":true,"href":"https:\/\/catolicanet.net\/wp-cnet\/wp-json\/wp\/v2\/media\/37684"}],"wp:attachment":[{"href":"https:\/\/catolicanet.net\/wp-cnet\/wp-json\/wp\/v2\/media?parent=37683"}],"wp:term":[{"taxonomy":"category","embeddable":true,"href":"https:\/\/catolicanet.net\/wp-cnet\/wp-json\/wp\/v2\/categories?post=37683"},{"taxonomy":"post_tag","embeddable":true,"href":"https:\/\/catolicanet.net\/wp-cnet\/wp-json\/wp\/v2\/tags?post=37683"}],"curies":[{"name":"wp","href":"https:\/\/api.w.org\/{rel}","templated":true}]}}