{"id":37680,"date":"2018-01-26T16:31:12","date_gmt":"2018-01-26T18:31:12","guid":{"rendered":"http:\/\/catolicanet.net\/wp-cnet\/?p=37680"},"modified":"2018-02-01T10:29:06","modified_gmt":"2018-02-01T12:29:06","slug":"papa-oferece-carinho-e-coragem-a-criancas-doentes-no-vaticano","status":"publish","type":"post","link":"https:\/\/catolicanet.net\/wp-cnet\/papa-oferece-carinho-e-coragem-a-criancas-doentes-no-vaticano\/","title":{"rendered":"Papa oferece carinho e coragem a crian\u00e7as doentes no Vaticano"},"content":{"rendered":"<p>Vinte e cinco crian\u00e7as de N\u00e1poles, doentes de leucemia e outros tipos de c\u00e2ncer, receberam o abra\u00e7o e a b\u00ean\u00e7\u00e3o do Papa. Os pequenos s\u00e3o assistidas pela Associa\u00e7\u00e3o \u2018Anjos guerreiros da Terra dos Fogos\u2019 e vieram ao Vaticano acompanhados por seus pais.<\/p>\n<p>Cidade do Vaticano<\/p>\n<p>Vinte e cinco crian\u00e7as de N\u00e1poles, doentes de leucemia e c\u00e2ncer, receberam o abra\u00e7o e a b\u00ean\u00e7\u00e3o do Papa na manh\u00e3 de quarta-feira (24\/01), antes da audi\u00eancia geral. Assistidas pela Associa\u00e7\u00e3o \u2018Anjos guerreiros da Terra dos Fogos\u2019 e acompanhados por seus familiares, encontraram Francisco na Sala Paulo VI, protegidos do frio.<\/p>\n<p>\u201cUm gesto delicado e paterno\u201d \u2013 comentou ao Osservatore Romano Concetta Zaccaria, respons\u00e1vel da Associa\u00e7\u00e3o. Duas destas crian\u00e7as acabaram de sofrer transplante de medula e outras est\u00e3o muito enfraquecidas pelos efeitos da terapia.<\/p>\n<p>Todos prepararam pequenos dons para o Papa,disse Zacarias.<\/p>\n<p>\u201c Mas o presente maior foi ele que nos fez, dando-nos a for\u00e7a para continuar a lutar \u201d<\/p>\n<p>Ela ainda explicou que \u201cno encontro com o Papa, as crian\u00e7as e suas fam\u00edlias depuseram enormes esperan\u00e7as de encontrar a coragem para continuar a travar a batalha contra a doen\u00e7a\u201d.<\/p>\n<p>\u201cPor nosso lado \u2013 acrescentou \u2013 tentamos estar-lhes pr\u00f3ximos e conosco, est\u00e3o tantos pais que viram seus filhos morrer nesta terra tristemente conhecida onde a contamina\u00e7\u00e3o ambiental causa novas v\u00edtimas todos os dias, sobretudo crian\u00e7as\u201d.<\/p>\n<p>Depois da audi\u00eancia com o Papa, o grupo almo\u00e7ou na \u2018Ilha solid\u00e1ria\u2019, uma estrutura que oferece h\u00e1 50 anos hospitalidade a detentos com licen\u00e7a especial para passar algumas horas ao ar livre trabalhando na terra e cuidando de animais.<\/p>\n<p>Os detentos prepararam o almo\u00e7o para os h\u00f3spedes \u2013 cerca de cem pacientes oncol\u00f3gicos, pais e acompanhantes \u2013 e organizaram uma festa para todos.<\/p>\n<p>&nbsp;<\/p>\n<p><a href=\"http:\/\/media.vaticannews.va\/media\/audio\/s1\/2018\/1\/25\/10\/134248173_F134248173.mp3\">Clique aqui para ouvir:<\/a><\/p>\n<p>&nbsp;<\/p>\n<p>Fonte: R\u00e1dio Vaticano<\/p>\n","protected":false},"excerpt":{"rendered":"<p>Vinte e cinco crian\u00e7as de N\u00e1poles, doentes de leucemia e outros tipos de c\u00e2ncer, receberam o abra\u00e7o e a b\u00ean\u00e7\u00e3o do Papa. Os pequenos s\u00e3o assistidas pela Associa\u00e7\u00e3o \u2018Anjos guerreiros da Terra dos Fogos\u2019 e vieram ao Vaticano acompanhados por seus pais. Cidade do Vaticano Vinte e cinco crian\u00e7as de N\u00e1poles, doentes de leucemia e [&hellip;]<\/p>\n","protected":false},"author":1,"featured_media":37681,"comment_status":"open","ping_status":"closed","sticky":false,"template":"","format":"standard","meta":{"footnotes":""},"categories":[3],"tags":[],"class_list":["post-37680","post","type-post","status-publish","format-standard","has-post-thumbnail","hentry","category-vaticano"],"_links":{"self":[{"href":"https:\/\/catolicanet.net\/wp-cnet\/wp-json\/wp\/v2\/posts\/37680","targetHints":{"allow":["GET"]}}],"collection":[{"href":"https:\/\/catolicanet.net\/wp-cnet\/wp-json\/wp\/v2\/posts"}],"about":[{"href":"https:\/\/catolicanet.net\/wp-cnet\/wp-json\/wp\/v2\/types\/post"}],"author":[{"embeddable":true,"href":"https:\/\/catolicanet.net\/wp-cnet\/wp-json\/wp\/v2\/users\/1"}],"replies":[{"embeddable":true,"href":"https:\/\/catolicanet.net\/wp-cnet\/wp-json\/wp\/v2\/comments?post=37680"}],"version-history":[{"count":1,"href":"https:\/\/catolicanet.net\/wp-cnet\/wp-json\/wp\/v2\/posts\/37680\/revisions"}],"predecessor-version":[{"id":37682,"href":"https:\/\/catolicanet.net\/wp-cnet\/wp-json\/wp\/v2\/posts\/37680\/revisions\/37682"}],"wp:featuredmedia":[{"embeddable":true,"href":"https:\/\/catolicanet.net\/wp-cnet\/wp-json\/wp\/v2\/media\/37681"}],"wp:attachment":[{"href":"https:\/\/catolicanet.net\/wp-cnet\/wp-json\/wp\/v2\/media?parent=37680"}],"wp:term":[{"taxonomy":"category","embeddable":true,"href":"https:\/\/catolicanet.net\/wp-cnet\/wp-json\/wp\/v2\/categories?post=37680"},{"taxonomy":"post_tag","embeddable":true,"href":"https:\/\/catolicanet.net\/wp-cnet\/wp-json\/wp\/v2\/tags?post=37680"}],"curies":[{"name":"wp","href":"https:\/\/api.w.org\/{rel}","templated":true}]}}