{"id":37677,"date":"2018-01-26T14:31:45","date_gmt":"2018-01-26T16:31:45","guid":{"rendered":"http:\/\/catolicanet.net\/wp-cnet\/?p=37677"},"modified":"2018-02-01T10:21:52","modified_gmt":"2018-02-01T12:21:52","slug":"os-servos-da-alegria-cinco-anos-levando-a-alegria-de-cristo-aos-coracoes","status":"publish","type":"post","link":"https:\/\/catolicanet.net\/wp-cnet\/os-servos-da-alegria-cinco-anos-levando-a-alegria-de-cristo-aos-coracoes\/","title":{"rendered":"Os Servos da alegria &#8211; Cinco anos levando a alegria de Cristo aos cora\u00e7\u00f5es"},"content":{"rendered":"<p>\u201cA alegria do Evangelho enche o cora\u00e7\u00e3o e a vida inteira dos que se encontram com Jesus\u201d.<\/p>\n<p>A atividade dos Servos da Alegria come\u00e7ou no Hospital Universit\u00e1rio Ant\u00f4nio Pedro com o Padre Marcelo Jos\u00e9 Monteiro da Costa, da Arquidiocese de Niter\u00f3i e com apenas cinco jovens&#8230;\u00a0 E com o tempo, a semente foi crescendo e se tornando uma grande \u00e1rvore que leva a alegria para muitos cora\u00e7\u00f5es que est\u00e3o dentro dos hospitais, asilos, creches, maternidades,&#8230;<\/p>\n<p>A semente cresceu<\/p>\n<p>\u201c\u00c9 como um gr\u00e3o de mostarda que, quando se semeia na terra, \u00e9 a menor de todas as sementes que h\u00e1 na terra; Mas, tendo sido semeado, cresce; e faz-se a maior de todas as hortali\u00e7as, e cria grandes ramos, de tal maneira que as aves do c\u00e9u podem aninhar-se debaixo da sua sombra.\u201d (Mc 4, 31 -32).<\/p>\n<p>A carta do Papa<\/p>\n<p>A semente foi lan\u00e7ada e ao longo desses cinco anos, os Servos da Alegria foram para outros lugares de miss\u00e3o levando a alegria do Evangelho de modo diferenciado, conforme o papa Francisco comenta em sua carta \u201cEvangelii Gaudium\u201d:<\/p>\n<p>\u201cQuero dirigir-me aos fi\u00e9is crist\u00e3os \u2013 escreve o Papa \u2013 para os convidar para uma nova etapa evangelizadora marcada por essa alegria, e indicar caminhos para a marcha da Igreja nos pr\u00f3ximos anos\u201d.\u00a0\u00a0 (EG 1).<\/p>\n<p>O papa com essa carta quer que cada batizado esteja consciente da sua vida crist\u00e3 e que possa transmitir com alegria e dinamismo novos o amor de Jesus aos cora\u00e7\u00f5es.\u00a0 De fato, \u00e9 uma miss\u00e3o permanente e que podemos vencer o grande risco do mundo atual: o de cair numa tristeza individualista, num consumismo desenfreado querendo buscar a felicidade aonde n\u00e3o tem.<\/p>\n<p>O Papa convida a \u201crecuperar a frescura original do Evangelho\u201d, encontrando \u201cnovos caminhos\u201d e \u201cm\u00e9todos criativos\u201d, a n\u00e3o encerrar Jesus nos nossos \u201cesquemas aborrecidos\u201d. \u00c9 necess\u00e1ria \u201cuma convers\u00e3o pastoral e mission\u00e1ria, que n\u00e3o pode deixar as coisas como est\u00e3o\u201d e uma \u201creforma de estruturas\u201d eclesiais para que \u201ctodas elas se tornem mais mission\u00e1rias\u201d.<\/p>\n<p>Lugares de miss\u00e3o<\/p>\n<p>S\u00e3o v\u00e1rias as frentes de miss\u00e3o, em que os Servos da Alegria est\u00e3o. S\u00e3o duas Arquidioceses: Rio de Janeiro e Niter\u00f3i.<\/p>\n<p>Vejamos os seguintes lugares:<\/p>\n<p>&#8211;\u00a0 Niter\u00f3i:<br \/>\nHospital Universit\u00e1rio Ant\u00f4nio Pedro, que acontece todo domingo \u00e0s 8h30 e logo depois a Santa Missa (10h30);<br \/>\nHospital Carlos Tortely, que acontece todo domingo \u00e0s 14h00;<\/p>\n<p>&#8211; S\u00e3o Gon\u00e7alo:<br \/>\nHospital das Cl\u00ednicas de S\u00e3o Gon\u00e7alo (inicio da miss\u00e3o em 22\\12\\17);<br \/>\nAbrigo Cristo Redentor \u2013 Estrela do Norte;<br \/>\nCasa de Repouso para Idosos Shalon;<br \/>\nHospital Dr. Luiz Palmier;<br \/>\nHospital Infantil Darcy Vargas;<br \/>\nLar de ado\u00e7\u00e3o Adonai;<br \/>\nInstitui\u00e7\u00e3o Crist\u00e3 Amor ao Pr\u00f3ximo;<br \/>\nLar Samaritano;<\/p>\n<p>&#8211; Itabora\u00ed:<br \/>\nHospital Jo\u00e3o Batista Cafaro;<br \/>\nHospital Estadual Tavares de Macedo;<\/p>\n<p>&#8211; Rio de Janeiro:<br \/>\nHospital CEMERU \u2013 Santa Cruz<br \/>\nHospital Federal da Lagoa;<\/p>\n<p>Contudo, s\u00e3o v\u00e1rias atua\u00e7\u00f5es dos Servos da Alegria que levam a alegria de Cristo aos cora\u00e7\u00f5es.\u00a0\u00a0 O chamado \u00e9 para todos\u00a0 nessa miss\u00e3o: \u201cVenha!\u201d\u00a0 Ela tem caracter\u00edstica ecum\u00eanica, ou seja, se voc\u00ea \u00e9 de uma denomina\u00e7\u00e3o crist\u00e3 e se sente chamado a realizar tal trabalho&#8230;\u00a0 E se voc\u00ea \u00e9 de outra religi\u00e3o e sente a alegria de servir aos outros \u2013 a exemplo de Jesus Cristo \u2013 venha participar conosco.<\/p>\n<p>Pe. Marcelo Jos\u00e9 Monteiro da Costa, idealizador dos Servos da Alegria.<\/p>\n<p>Fonte:\u00a0 Assessoria de Imprensa e Comunica\u00e7\u00e3o Interna<br \/>\nAnderson Serra Pimenta<\/p>\n","protected":false},"excerpt":{"rendered":"<p>\u201cA alegria do Evangelho enche o cora\u00e7\u00e3o e a vida inteira dos que se encontram com Jesus\u201d. A atividade dos Servos da Alegria come\u00e7ou no Hospital Universit\u00e1rio Ant\u00f4nio Pedro com o Padre Marcelo Jos\u00e9 Monteiro da Costa, da Arquidiocese de Niter\u00f3i e com apenas cinco jovens&#8230;\u00a0 E com o tempo, a semente foi crescendo e [&hellip;]<\/p>\n","protected":false},"author":1,"featured_media":37678,"comment_status":"open","ping_status":"closed","sticky":false,"template":"","format":"standard","meta":{"footnotes":""},"categories":[4],"tags":[],"class_list":["post-37677","post","type-post","status-publish","format-standard","has-post-thumbnail","hentry","category-cotidiano"],"_links":{"self":[{"href":"https:\/\/catolicanet.net\/wp-cnet\/wp-json\/wp\/v2\/posts\/37677","targetHints":{"allow":["GET"]}}],"collection":[{"href":"https:\/\/catolicanet.net\/wp-cnet\/wp-json\/wp\/v2\/posts"}],"about":[{"href":"https:\/\/catolicanet.net\/wp-cnet\/wp-json\/wp\/v2\/types\/post"}],"author":[{"embeddable":true,"href":"https:\/\/catolicanet.net\/wp-cnet\/wp-json\/wp\/v2\/users\/1"}],"replies":[{"embeddable":true,"href":"https:\/\/catolicanet.net\/wp-cnet\/wp-json\/wp\/v2\/comments?post=37677"}],"version-history":[{"count":1,"href":"https:\/\/catolicanet.net\/wp-cnet\/wp-json\/wp\/v2\/posts\/37677\/revisions"}],"predecessor-version":[{"id":37679,"href":"https:\/\/catolicanet.net\/wp-cnet\/wp-json\/wp\/v2\/posts\/37677\/revisions\/37679"}],"wp:featuredmedia":[{"embeddable":true,"href":"https:\/\/catolicanet.net\/wp-cnet\/wp-json\/wp\/v2\/media\/37678"}],"wp:attachment":[{"href":"https:\/\/catolicanet.net\/wp-cnet\/wp-json\/wp\/v2\/media?parent=37677"}],"wp:term":[{"taxonomy":"category","embeddable":true,"href":"https:\/\/catolicanet.net\/wp-cnet\/wp-json\/wp\/v2\/categories?post=37677"},{"taxonomy":"post_tag","embeddable":true,"href":"https:\/\/catolicanet.net\/wp-cnet\/wp-json\/wp\/v2\/tags?post=37677"}],"curies":[{"name":"wp","href":"https:\/\/api.w.org\/{rel}","templated":true}]}}