{"id":3765,"date":"2013-12-19T15:40:30","date_gmt":"2013-12-19T17:40:30","guid":{"rendered":"http:\/\/catolicanet.net\/wp-cnet\/pensamento-do-dia-18\/"},"modified":"2017-03-24T15:25:54","modified_gmt":"2017-03-24T18:25:54","slug":"pensamento-do-dia-18","status":"publish","type":"post","link":"https:\/\/catolicanet.net\/wp-cnet\/pensamento-do-dia-18\/","title":{"rendered":"Pensamento do dia"},"content":{"rendered":"<p style=\"text-align: center;\"><strong><img loading=\"lazy\" decoding=\"async\" src=\"http:\/\/www.catolicanet.com.br\/images\/stories\/maosdadas.jpg\" border=\"0\" width=\"376\" height=\"253\" \/><br \/>&#8220;Ningu\u00e9m liberta ningu\u00e9m, <br \/>ningu\u00e9m se liberta sozinho; <br \/>as pessoas se libertam em comunh\u00e3o.&#8221; <\/p>\n<p>(Paulo Freire)<br \/><\/strong><\/p>\n","protected":false},"excerpt":{"rendered":"<p>&#8220;Ningu\u00e9m liberta ningu\u00e9m, ningu\u00e9m se liberta sozinho; as pessoas se libertam em comunh\u00e3o.&#8221; (Paulo Freire)<\/p>\n","protected":false},"author":1,"featured_media":3764,"comment_status":"closed","ping_status":"closed","sticky":false,"template":"","format":"standard","meta":{"footnotes":""},"categories":[4],"tags":[],"class_list":["post-3765","post","type-post","status-publish","format-standard","has-post-thumbnail","hentry","category-cotidiano"],"_links":{"self":[{"href":"https:\/\/catolicanet.net\/wp-cnet\/wp-json\/wp\/v2\/posts\/3765","targetHints":{"allow":["GET"]}}],"collection":[{"href":"https:\/\/catolicanet.net\/wp-cnet\/wp-json\/wp\/v2\/posts"}],"about":[{"href":"https:\/\/catolicanet.net\/wp-cnet\/wp-json\/wp\/v2\/types\/post"}],"author":[{"embeddable":true,"href":"https:\/\/catolicanet.net\/wp-cnet\/wp-json\/wp\/v2\/users\/1"}],"replies":[{"embeddable":true,"href":"https:\/\/catolicanet.net\/wp-cnet\/wp-json\/wp\/v2\/comments?post=3765"}],"version-history":[{"count":1,"href":"https:\/\/catolicanet.net\/wp-cnet\/wp-json\/wp\/v2\/posts\/3765\/revisions"}],"predecessor-version":[{"id":8074,"href":"https:\/\/catolicanet.net\/wp-cnet\/wp-json\/wp\/v2\/posts\/3765\/revisions\/8074"}],"wp:featuredmedia":[{"embeddable":true,"href":"https:\/\/catolicanet.net\/wp-cnet\/wp-json\/wp\/v2\/media\/3764"}],"wp:attachment":[{"href":"https:\/\/catolicanet.net\/wp-cnet\/wp-json\/wp\/v2\/media?parent=3765"}],"wp:term":[{"taxonomy":"category","embeddable":true,"href":"https:\/\/catolicanet.net\/wp-cnet\/wp-json\/wp\/v2\/categories?post=3765"},{"taxonomy":"post_tag","embeddable":true,"href":"https:\/\/catolicanet.net\/wp-cnet\/wp-json\/wp\/v2\/tags?post=3765"}],"curies":[{"name":"wp","href":"https:\/\/api.w.org\/{rel}","templated":true}]}}