{"id":37623,"date":"2018-01-22T12:28:47","date_gmt":"2018-01-22T14:28:47","guid":{"rendered":"http:\/\/catolicanet.net\/wp-cnet\/?p=37623"},"modified":"2018-02-01T09:02:56","modified_gmt":"2018-02-01T11:02:56","slug":"papa-convida-pobres-refugiados-sem-teto-para-espetaculo-circense","status":"publish","type":"post","link":"https:\/\/catolicanet.net\/wp-cnet\/papa-convida-pobres-refugiados-sem-teto-para-espetaculo-circense\/","title":{"rendered":"Papa convida pobres, refugiados, sem-teto, para espet\u00e1culo circense"},"content":{"rendered":"<p>Este dom oferecido pelos artistas do circo poder\u00e1 tornar-se tamb\u00e9m para os nossos irm\u00e3os mais pobres um encorajamento para superar as lutas e as dificuldades da vida, que tantas vezes parecem enormes e mesmo insuper\u00e1veis, diz um comunicado da Esmolaria Pontif\u00edcia<\/p>\n<p>Cidade do Vaticano<\/p>\n<p>O Papa Francisco \u2013 por meio da Esmolaria Apost\u00f3lica \u2013 faz um convite especial aos pobres, sem-teto, refugiados, encarcerados, \u00e0s pessoas e fam\u00edlias necessitadas, acompanhados por volunt\u00e1rios: participar de um espet\u00e1culo circense na quinta-feira, 11 de janeiro.<\/p>\n<p>Para esta iniciativa de caridade, o Circo Medrano (Viale Gigli \u2013 Saxa Rubra) colocou \u00e0 disposi\u00e7\u00e3o todos os 2.100 lugares da grande tenda, que a fam\u00edlia Casartelli e o empreendedor Fabrizio Grandi quiseram chamar de \u201cCirco Solidariedade\u201d para os pobres do Santo Padre.<\/p>\n<p>Justamente durante uma Audi\u00eancia Geral, o Papa Francisco assim havia se dirigido aos circenses presentes: \u201cAs pessoas que fazem o espet\u00e1culo no circo criam beleza, s\u00e3o criadores de beleza. E isto faz bem para a alma. Quanta necessidade temos da beleza!\u201d<\/p>\n<p>Assim \u2013 diz a Esmolaria Pontif\u00edcia em um comunicado \u2013 este dom oferecido pelos artistas do circo \u2013 que com const\u00e2ncia, empenho e tantos sacrif\u00edcios conseguem conferir \u00e0quilo que fazem e aos outros \u2013 poder\u00e1 tornar-se tamb\u00e9m para os nossos irm\u00e3os mais pobres um encorajamento para superar as lutas e as dificuldades da vida, que tantas vezes parecem enormes e mesmo insuper\u00e1veis.<\/p>\n<p>Tamb\u00e9m ser\u00e1 oferecido um servi\u00e7o m\u00e9dico-sanit\u00e1rio por m\u00e9dicos e enfermeiros volunt\u00e1rios, com uma ambul\u00e2ncia e um ambulat\u00f3rio m\u00f3vel da Cidade do Vaticano.<\/p>\n<p>Ao final do espet\u00e1culo ser\u00e1 distribu\u00edda uma refei\u00e7\u00e3o.<\/p>\n<p>&nbsp;<\/p>\n<p><a href=\"http:\/\/media.vaticannews.va\/media\/audio\/s1\/2018\/1\/10\/18\/134223707_F134223707.mp3\">Clique aqui para ouvir o \u00e1udio<\/a>:<\/p>\n<p>&nbsp;<\/p>\n<p>Fonte: R\u00e1dio Vaticano<\/p>\n","protected":false},"excerpt":{"rendered":"<p>Este dom oferecido pelos artistas do circo poder\u00e1 tornar-se tamb\u00e9m para os nossos irm\u00e3os mais pobres um encorajamento para superar as lutas e as dificuldades da vida, que tantas vezes parecem enormes e mesmo insuper\u00e1veis, diz um comunicado da Esmolaria Pontif\u00edcia Cidade do Vaticano O Papa Francisco \u2013 por meio da Esmolaria Apost\u00f3lica \u2013 faz [&hellip;]<\/p>\n","protected":false},"author":1,"featured_media":37624,"comment_status":"open","ping_status":"closed","sticky":false,"template":"","format":"standard","meta":{"footnotes":""},"categories":[3],"tags":[],"class_list":["post-37623","post","type-post","status-publish","format-standard","has-post-thumbnail","hentry","category-vaticano"],"_links":{"self":[{"href":"https:\/\/catolicanet.net\/wp-cnet\/wp-json\/wp\/v2\/posts\/37623","targetHints":{"allow":["GET"]}}],"collection":[{"href":"https:\/\/catolicanet.net\/wp-cnet\/wp-json\/wp\/v2\/posts"}],"about":[{"href":"https:\/\/catolicanet.net\/wp-cnet\/wp-json\/wp\/v2\/types\/post"}],"author":[{"embeddable":true,"href":"https:\/\/catolicanet.net\/wp-cnet\/wp-json\/wp\/v2\/users\/1"}],"replies":[{"embeddable":true,"href":"https:\/\/catolicanet.net\/wp-cnet\/wp-json\/wp\/v2\/comments?post=37623"}],"version-history":[{"count":1,"href":"https:\/\/catolicanet.net\/wp-cnet\/wp-json\/wp\/v2\/posts\/37623\/revisions"}],"predecessor-version":[{"id":37625,"href":"https:\/\/catolicanet.net\/wp-cnet\/wp-json\/wp\/v2\/posts\/37623\/revisions\/37625"}],"wp:featuredmedia":[{"embeddable":true,"href":"https:\/\/catolicanet.net\/wp-cnet\/wp-json\/wp\/v2\/media\/37624"}],"wp:attachment":[{"href":"https:\/\/catolicanet.net\/wp-cnet\/wp-json\/wp\/v2\/media?parent=37623"}],"wp:term":[{"taxonomy":"category","embeddable":true,"href":"https:\/\/catolicanet.net\/wp-cnet\/wp-json\/wp\/v2\/categories?post=37623"},{"taxonomy":"post_tag","embeddable":true,"href":"https:\/\/catolicanet.net\/wp-cnet\/wp-json\/wp\/v2\/tags?post=37623"}],"curies":[{"name":"wp","href":"https:\/\/api.w.org\/{rel}","templated":true}]}}