{"id":37619,"date":"2018-01-22T12:25:22","date_gmt":"2018-01-22T14:25:22","guid":{"rendered":"http:\/\/catolicanet.net\/wp-cnet\/?p=37619"},"modified":"2018-02-02T08:42:57","modified_gmt":"2018-02-02T10:42:57","slug":"card-omalley-reitera-compromisso-do-papa-em-favor-das-vitimas-de-abuso","status":"publish","type":"post","link":"https:\/\/catolicanet.net\/wp-cnet\/card-omalley-reitera-compromisso-do-papa-em-favor-das-vitimas-de-abuso\/","title":{"rendered":"Card. O&#8217;Malley reitera compromisso do Papa em favor das v\u00edtimas de abuso"},"content":{"rendered":"<p>As afirma\u00e7\u00f5es do Papa s\u00e3o de que n\u00e3o h\u00e1 lugar na Igreja para quem abusa de crian\u00e7as e que devemos adotar a \u201ctoler\u00e2ncia zero\u201d, porque estes crimes s\u00e3o reais e combat\u00ea-los \u00e9 o seu compromisso, diz o cardeal em uma nota<\/p>\n<p>Cidade do Vaticano<\/p>\n<p>Em nota publicada no site\u00a0 \u201cBoston Catholic\u201d, o cardeal Se\u00e1n Patrick O\u2019Malley, arcebispo de Boston, reiterou o empenho do Papa Francisco em favor das v\u00edtimas de abuso sexual por parte de membros do clero.<\/p>\n<p>O purpurado confirma que o \u201cPapa Francisco reconhece os erros imensos da Igreja e de seus membros que abusaram de crian\u00e7as\u201d.<\/p>\n<p>Eis a \u00edntegra do texto:<\/p>\n<p>\u201c\u00c9 compreens\u00edvel que as afirma\u00e7\u00f5es que o Papa Francisco fez ontem em Santiago, no Chile, tenham sido fonte de grande dor para pessoas que sofreram abusos sexuais por parte de elementos do clero ou de qualquer outro culpado.<\/p>\n<p>Express\u00f5es que trazem a mensagem segundo a qual \u201cse n\u00e3o podes demonstrar as tuas acusa\u00e7\u00f5es, n\u00e3o podes ser acreditado\u201d, fazem sentir abandonadas as pessoas que sofreram reprov\u00e1veis viola\u00e7\u00f5es criminosas de sua dignidade, e relegam as v\u00edtimas a um ex\u00edlio de descr\u00e9dito.<\/p>\n<p>N\u00e3o tendo sido pessoalmente envolvido nas situa\u00e7\u00f5es que foram objeto da entrevista de ontem, n\u00e3o sei dizer por qual raz\u00e3o o Santo Padre escolheu os termos espec\u00edficos que usou naquela ocasi\u00e3o.<\/p>\n<p>O que eu sei, por\u00e9m, \u00e9 que o Papa Francisco reconhece plenamente os enormes erros da Igreja e de seu clero que abusou de crian\u00e7as e o devastador impacto que estes crimes tiveram nas v\u00edtimas e em seus familiares.<\/p>\n<p>Acompanhei o Santo Padre em muitos de seus encontros com as v\u00edtimas e pude constatar a sua dor ao tomar consci\u00eancia da profundidade e da amplid\u00e3o das feridas infringidas a quem sofreu abusos e ao constatar que o processo de cura pode exigir uma vida inteira.<\/p>\n<p>As afirma\u00e7\u00f5es do Papa s\u00e3o de que n\u00e3o h\u00e1 lugar na Igreja para quem abusa de crian\u00e7as e que devemos adotar a \u201ctoler\u00e2ncia zero\u201d, porque estes crimes s\u00e3o reais e combat\u00ea-los \u00e9 o seu compromisso.<\/p>\n<p>As minhas ora\u00e7\u00f5es e a minha dor estar\u00e3o sempre com as v\u00edtimas e com os seus familiares. N\u00e3o poderemos nunca anular os sofrimentos que viveram, nem plenamente curar a sua dor.<\/p>\n<p>Em alguns casos devemos aceitar que at\u00e9 mesmo o nosso esfor\u00e7o em oferecer assist\u00eancia \u00e9 motivo de ang\u00fastia para as v\u00edtimas, e que devemos rezar por eles em sil\u00eancio, enquanto oferecemos a eles o nosso apoio como tresposta de nosso dever moral.<\/p>\n<p>Pessoalmente, continuo no meu trabalho em favor da cura de todos aqueles que foram t\u00e3o gravemente feridos e pela vigil\u00e2ncia no empenho de garantir a tutela das crian\u00e7as na comunidade da Igreja, de forma que estes crimes n\u00e3o aconte\u00e7am nunca mais\u201d.<\/p>\n<p>&nbsp;<\/p>\n<p>Fonte: R\u00e1dio Vaticano<\/p>\n","protected":false},"excerpt":{"rendered":"<p>As afirma\u00e7\u00f5es do Papa s\u00e3o de que n\u00e3o h\u00e1 lugar na Igreja para quem abusa de crian\u00e7as e que devemos adotar a \u201ctoler\u00e2ncia zero\u201d, porque estes crimes s\u00e3o reais e combat\u00ea-los \u00e9 o seu compromisso, diz o cardeal em uma nota Cidade do Vaticano Em nota publicada no site\u00a0 \u201cBoston Catholic\u201d, o cardeal Se\u00e1n Patrick [&hellip;]<\/p>\n","protected":false},"author":1,"featured_media":37620,"comment_status":"open","ping_status":"closed","sticky":false,"template":"","format":"standard","meta":{"footnotes":""},"categories":[3],"tags":[],"class_list":["post-37619","post","type-post","status-publish","format-standard","has-post-thumbnail","hentry","category-vaticano"],"_links":{"self":[{"href":"https:\/\/catolicanet.net\/wp-cnet\/wp-json\/wp\/v2\/posts\/37619","targetHints":{"allow":["GET"]}}],"collection":[{"href":"https:\/\/catolicanet.net\/wp-cnet\/wp-json\/wp\/v2\/posts"}],"about":[{"href":"https:\/\/catolicanet.net\/wp-cnet\/wp-json\/wp\/v2\/types\/post"}],"author":[{"embeddable":true,"href":"https:\/\/catolicanet.net\/wp-cnet\/wp-json\/wp\/v2\/users\/1"}],"replies":[{"embeddable":true,"href":"https:\/\/catolicanet.net\/wp-cnet\/wp-json\/wp\/v2\/comments?post=37619"}],"version-history":[{"count":2,"href":"https:\/\/catolicanet.net\/wp-cnet\/wp-json\/wp\/v2\/posts\/37619\/revisions"}],"predecessor-version":[{"id":37622,"href":"https:\/\/catolicanet.net\/wp-cnet\/wp-json\/wp\/v2\/posts\/37619\/revisions\/37622"}],"wp:featuredmedia":[{"embeddable":true,"href":"https:\/\/catolicanet.net\/wp-cnet\/wp-json\/wp\/v2\/media\/37620"}],"wp:attachment":[{"href":"https:\/\/catolicanet.net\/wp-cnet\/wp-json\/wp\/v2\/media?parent=37619"}],"wp:term":[{"taxonomy":"category","embeddable":true,"href":"https:\/\/catolicanet.net\/wp-cnet\/wp-json\/wp\/v2\/categories?post=37619"},{"taxonomy":"post_tag","embeddable":true,"href":"https:\/\/catolicanet.net\/wp-cnet\/wp-json\/wp\/v2\/tags?post=37619"}],"curies":[{"name":"wp","href":"https:\/\/api.w.org\/{rel}","templated":true}]}}