{"id":37616,"date":"2018-01-22T10:43:14","date_gmt":"2018-01-22T12:43:14","guid":{"rendered":"http:\/\/catolicanet.net\/wp-cnet\/?p=37616"},"modified":"2018-02-01T08:51:16","modified_gmt":"2018-02-01T10:51:16","slug":"catolicos-do-rio-de-janeiro-passarao-o-carnaval-em-retiro-da-comunidade-shalom","status":"publish","type":"post","link":"https:\/\/catolicanet.net\/wp-cnet\/catolicos-do-rio-de-janeiro-passarao-o-carnaval-em-retiro-da-comunidade-shalom\/","title":{"rendered":"Cat\u00f3licos do Rio de Janeiro passar\u00e3o o Carnaval em retiro da Comunidade Shalom"},"content":{"rendered":"<p>Rio de Janeiro, 21 Jan. 18 \/ 06:00 am (ACI).- Carnaval, Rio de Janeiro, ao unir esses dois pontos, muitos podem pensar em folia e desfile de escolas de samba, mas n\u00e3o para um grupo de cat\u00f3licos que n\u00e3o dispensam a alegria, mas tamb\u00e9m querem viv\u00ea-la cheios de espiritualidade. Por isso, uma alternativa \u00e9 o retiro Reviver, promovido pela Comunidade Cat\u00f3lica Shalom.<\/p>\n<p>Como explicam os organizadores do evento, trata-se de uma oportunidade para \u201cquem quer viver um Carnaval diferente, cheio de espiritualidade e uma alegria que n\u00e3o passa na Quarta-feira de Cinzas\u201d.<\/p>\n<p>O retiro acontecer\u00e1 entre os dias 11 e 13 de fevereiro, a partir das 9h, no Centro Esportivo Mi\u00e9cimo da Silva, em Campo Grande, zona Oeste da cidade, com entrada gratuita.<\/p>\n<p>Neste ano, o tema do Reviver ser\u00e1 \u201cPara Deus nada \u00e9 imposs\u00edvel\u201d e a programa\u00e7\u00e3o incluir\u00e1 louvor, Missa, adora\u00e7\u00e3o ao Sant\u00edssimo Sacramento, semin\u00e1rio de vida no Esp\u00edrito Santo, cursos, shows, apresenta\u00e7\u00e3o teatral, ora\u00e7\u00e3o, aconselhamento e confiss\u00e3o.<\/p>\n<p>Os cursos ser\u00e3o direcionados a dois p\u00fablicos alvos, sendo que para os jovens o tema abordado ser\u00e1 \u201cA castidade\u201d e, para os adultos, \u201cComo transformar a dor em amor\u201d. Acontecer\u00e3o na parte da tarde, quando tamb\u00e9m ocorrer\u00e1 o semin\u00e1rio de vida no Esp\u00edrito Santo.<\/p>\n<p>Pela manh\u00e3, ser\u00e1 feita uma reflex\u00e3o a respeito do tema central, al\u00e9m da Adora\u00e7\u00e3o ao Sant\u00edssimo e louvor.<\/p>\n<p>\u00c0 noite, os participantes do retiro participar\u00e3o dos shows, que este ano ficar\u00e1 a cargo do minist\u00e9rio de m\u00fasica da Comunidade Cat\u00f3lica Shalom no Rio de Janeiro.<\/p>\n<p>Al\u00e9m disso, enquanto os pais vivem o retiro, as crian\u00e7as tamb\u00e9m ter\u00e3o um espa\u00e7o dedicado a elas, o Reviver Kids.<\/p>\n<p>Nos tr\u00eas dias de retiro, ser\u00e3o celebradas Missas, \u00e0s 17h do dia 11 por Dom Roberto Lopes, Episcopal para os Institutos de Vida Consagrada, Sociedades de Vida Apost\u00f3lica, Movimentos Eclesiais e Novas Comunidades; no dia 12, \u00e0s 11h, pelo Arcebispo do Rio de Janeiro, Cardeal Orani Jo\u00e3o Tempesta; e no dia 13, \u00e0s 17h, pelo Bispo Auxiliar, Dom Ant\u00f4nio Augusto Dias Duarte.<\/p>\n<p>&nbsp;<\/p>\n<p>Fonte: Acidigital<\/p>\n","protected":false},"excerpt":{"rendered":"<p>Rio de Janeiro, 21 Jan. 18 \/ 06:00 am (ACI).- Carnaval, Rio de Janeiro, ao unir esses dois pontos, muitos podem pensar em folia e desfile de escolas de samba, mas n\u00e3o para um grupo de cat\u00f3licos que n\u00e3o dispensam a alegria, mas tamb\u00e9m querem viv\u00ea-la cheios de espiritualidade. Por isso, uma alternativa \u00e9 o [&hellip;]<\/p>\n","protected":false},"author":1,"featured_media":37617,"comment_status":"open","ping_status":"closed","sticky":false,"template":"","format":"standard","meta":{"footnotes":""},"categories":[4],"tags":[],"class_list":["post-37616","post","type-post","status-publish","format-standard","has-post-thumbnail","hentry","category-cotidiano"],"_links":{"self":[{"href":"https:\/\/catolicanet.net\/wp-cnet\/wp-json\/wp\/v2\/posts\/37616","targetHints":{"allow":["GET"]}}],"collection":[{"href":"https:\/\/catolicanet.net\/wp-cnet\/wp-json\/wp\/v2\/posts"}],"about":[{"href":"https:\/\/catolicanet.net\/wp-cnet\/wp-json\/wp\/v2\/types\/post"}],"author":[{"embeddable":true,"href":"https:\/\/catolicanet.net\/wp-cnet\/wp-json\/wp\/v2\/users\/1"}],"replies":[{"embeddable":true,"href":"https:\/\/catolicanet.net\/wp-cnet\/wp-json\/wp\/v2\/comments?post=37616"}],"version-history":[{"count":1,"href":"https:\/\/catolicanet.net\/wp-cnet\/wp-json\/wp\/v2\/posts\/37616\/revisions"}],"predecessor-version":[{"id":37618,"href":"https:\/\/catolicanet.net\/wp-cnet\/wp-json\/wp\/v2\/posts\/37616\/revisions\/37618"}],"wp:featuredmedia":[{"embeddable":true,"href":"https:\/\/catolicanet.net\/wp-cnet\/wp-json\/wp\/v2\/media\/37617"}],"wp:attachment":[{"href":"https:\/\/catolicanet.net\/wp-cnet\/wp-json\/wp\/v2\/media?parent=37616"}],"wp:term":[{"taxonomy":"category","embeddable":true,"href":"https:\/\/catolicanet.net\/wp-cnet\/wp-json\/wp\/v2\/categories?post=37616"},{"taxonomy":"post_tag","embeddable":true,"href":"https:\/\/catolicanet.net\/wp-cnet\/wp-json\/wp\/v2\/tags?post=37616"}],"curies":[{"name":"wp","href":"https:\/\/api.w.org\/{rel}","templated":true}]}}