{"id":3758,"date":"2013-12-19T12:29:45","date_gmt":"2013-12-19T14:29:45","guid":{"rendered":"http:\/\/catolicanet.net\/wp-cnet\/papa-francisco-declara-santo-um-padre-jesuita-do-seculo-16\/"},"modified":"2017-03-24T14:41:43","modified_gmt":"2017-03-24T17:41:43","slug":"papa-francisco-declara-santo-um-padre-jesuita-do-seculo-16","status":"publish","type":"post","link":"https:\/\/catolicanet.net\/wp-cnet\/papa-francisco-declara-santo-um-padre-jesuita-do-seculo-16\/","title":{"rendered":"Papa Francisco declara santo um padre jesu\u00edta do s\u00e9culo 16"},"content":{"rendered":"<p style=\"text-align: justify;\"><img decoding=\"async\" src=\"http:\/\/www.catolicanet.com.br\/images\/stories\/pierrefavre.jpg\" border=\"0\" align=\"left\" \/>O papa Francisco estendeu \u00e0 Igreja Universal o culto lit\u00fargico em honra ao beato Pierre Fevre (Pedro Fabro), sacerdote professo da Companhia de Jesus, nascido em Le Villaret (Saboya, Fran\u00e7a), no dia 13 de abril de 1506, e falecido em Roma, em 13 de abril de 1546, inscrevendo-o no Livro dos Santos. A proclama\u00e7\u00e3o do novo santo aconteceu ontem, 17 de dezembro, durante o encontro do papa Francisco com o prefeito da Congrega\u00e7\u00e3o para a Causa dos Santos, cardeal Angelo Amato.<\/p>\n<p><strong>O papa promulgou os seguintes decretos:<\/strong><\/p>\n<p><strong>Milagres<\/strong><\/p>\n<p>Um milagre atribu\u00eddo \u00e0 intercess\u00e3o da vener\u00e1vel serva de Deus, Maria Teresa Demjanovich, religiosa professa da Congrega\u00e7\u00e3o das Irm\u00e3s da Caridade de Santa Isabel. A religiosa nasceu em Bayonne (New Jersey, Estados Unidos), em 26 de mar\u00e7o de 1901, e morreu em 8 de maio de 1927.<\/p>\n<p><strong>Virtudes heroicas<\/strong><\/p>\n<p>&#8211; Servo de Deus Manuel Herranz Establ\u00e9s, sacerdote diocesano e fundador das religiosas Escravas da Virgem Dolorosa, que nasceu em Campillo de Due\u00f1as (Espanha), em 1\u00ba de janeiro de 1880, e faleceu em Madri (Espanha), em 29 de junho de 1968.<\/p>\n<p>&#8211; Servo de Deus Jerzy Ciesielski, leigo e pai de fam\u00edlia. Nasceu em Crac\u00f3via (Pol\u00f4nia), em 12 de fevereiro de 1929 e faleceu no Egito em 9 de outubro de 1970.<\/p>\n<p style=\"text-align: justify;\"><strong><br \/><\/strong><\/p>\n<p style=\"text-align: justify;\"><strong>Local: Bras\u00edlai (DF)<br \/>Fonte: CNBB<\/strong><\/p>\n","protected":false},"excerpt":{"rendered":"<p>O papa Francisco estendeu \u00e0 Igreja Universal o culto lit\u00fargico em honra ao beato Pierre Fevre (Pedro Fabro), sacerdote professo da Companhia de Jesus, nascido em Le Villaret (Saboya, Fran\u00e7a), no dia 13 de abril de 1506, e falecido em Roma, em 13 de abril de 1546, inscrevendo-o no Livro dos Santos. A proclama\u00e7\u00e3o do [&hellip;]<\/p>\n","protected":false},"author":1,"featured_media":3757,"comment_status":"closed","ping_status":"closed","sticky":false,"template":"","format":"standard","meta":{"footnotes":""},"categories":[7],"tags":[],"class_list":["post-3758","post","type-post","status-publish","format-standard","has-post-thumbnail","hentry","category-cnbb"],"_links":{"self":[{"href":"https:\/\/catolicanet.net\/wp-cnet\/wp-json\/wp\/v2\/posts\/3758","targetHints":{"allow":["GET"]}}],"collection":[{"href":"https:\/\/catolicanet.net\/wp-cnet\/wp-json\/wp\/v2\/posts"}],"about":[{"href":"https:\/\/catolicanet.net\/wp-cnet\/wp-json\/wp\/v2\/types\/post"}],"author":[{"embeddable":true,"href":"https:\/\/catolicanet.net\/wp-cnet\/wp-json\/wp\/v2\/users\/1"}],"replies":[{"embeddable":true,"href":"https:\/\/catolicanet.net\/wp-cnet\/wp-json\/wp\/v2\/comments?post=3758"}],"version-history":[{"count":1,"href":"https:\/\/catolicanet.net\/wp-cnet\/wp-json\/wp\/v2\/posts\/3758\/revisions"}],"predecessor-version":[{"id":8029,"href":"https:\/\/catolicanet.net\/wp-cnet\/wp-json\/wp\/v2\/posts\/3758\/revisions\/8029"}],"wp:featuredmedia":[{"embeddable":true,"href":"https:\/\/catolicanet.net\/wp-cnet\/wp-json\/wp\/v2\/media\/3757"}],"wp:attachment":[{"href":"https:\/\/catolicanet.net\/wp-cnet\/wp-json\/wp\/v2\/media?parent=3758"}],"wp:term":[{"taxonomy":"category","embeddable":true,"href":"https:\/\/catolicanet.net\/wp-cnet\/wp-json\/wp\/v2\/categories?post=3758"},{"taxonomy":"post_tag","embeddable":true,"href":"https:\/\/catolicanet.net\/wp-cnet\/wp-json\/wp\/v2\/tags?post=3758"}],"curies":[{"name":"wp","href":"https:\/\/api.w.org\/{rel}","templated":true}]}}