{"id":37579,"date":"2018-01-19T08:11:12","date_gmt":"2018-01-19T10:11:12","guid":{"rendered":"http:\/\/catolicanet.net\/wp-cnet\/?p=37579"},"modified":"2018-01-31T16:08:48","modified_gmt":"2018-01-31T18:08:48","slug":"papa-francisco-chega-ao-peru","status":"publish","type":"post","link":"https:\/\/catolicanet.net\/wp-cnet\/papa-francisco-chega-ao-peru\/","title":{"rendered":"Papa Francisco chega ao Peru"},"content":{"rendered":"<p>O pa\u00eds \u00e9 a \u00faltima etapa de sua sexta Viagem Apost\u00f3lica ao continente americano<\/p>\n<p>Cidade do Vaticano<\/p>\n<p>O Papa Francisco chegou \u00e0s 16h32 desta quinta-feira (hora local) ao Aeroporto Internacional Jorge Ch\u00e1vez, de Lima, para a segunda etapa de sua sexta viagem ao continente americano, onde cumprir\u00e1 extensa agenda at\u00e9 domingo, 21 de janeiro, em tr\u00eas cidades: Santiago, Puerto Maldonado e Trujillo.<\/p>\n<p>Antes de desembarcar, o Papa foi saudado pela Chefe do Protocolo, Embaixadora Extraordin\u00e1ria e Plenipotenci\u00e1ria do Peru junto \u00e0 Santa S\u00e9, Sra. Maria Vel\u00e1squez,\u00a0 e pelo N\u00fancio Apost\u00f3lico no Peru, Dom Nicola Girasoli, al\u00e9m de autoridades civis e religiosas.<\/p>\n<p>Ao desembarcar, foi recebido pelo presidente do pa\u00eds, Sr. Pedro Pablo Kuczynski e consorte. Duas crian\u00e7as ofereceram flores ao Papa.<\/p>\n<p>A seguir o Pont\u00edfice foi saudado pelo cardeal arcebispo de Lima, Dom Juan Luis Cipriani Thorne,\u00a0 pelo bispo de Callao, Dom Jos\u00e9 Luis Del Palacio y P\u00e9rez-Mendel,<br \/>\ne pelo presidente da Confer\u00eancia Episcopal peruana, Dom Salvador Jos\u00e9 Miguel Pi\u00f1eiro Garc\u00eda Calder\u00f3n, bispo de Ayacucho.<\/p>\n<p>Presentes autoridades civis, alguns bispos, um grupo de fi\u00e9is e a orquestra \u201cSinfonia pelo Peru\u201d.<\/p>\n<p>O Papa foi saudado por militares e passou em revista a Guarda de Honra. Foi prestada homenagem \u00e0s bandeiras e entoados os hinos dos dois Estados.<\/p>\n<p>O s\u00e9quito papal saudou o presidente da Rep\u00fablica do Peru e a seguir o Santo Padre foi saudados pelas delega\u00e7\u00f5es presentes. Ap\u00f3s, o Santo Padre foi acompanhado pelo presidente e consorte at\u00e9 o autom\u00f3vel que o levou \u00e0 Nunciatura Apost\u00f3lica, distante 13 km. Ao longo do trajeto o Francisco trocou de ve\u00edculo, subindo no papam\u00f3vel para passar em meio a multid\u00e3o que o saudava pelas ruas de Lima.<\/p>\n<p>A Nunciatura Apost\u00f3lica localiza-se no Distrito de Jes\u00fas Maria, proximidades do parque \u201cEl Campo de Marte\u201d, na Avenida Salaverry, que liga o Parque da \u201cBenemerita Guardia Civil\u201d \u00e0 central \u201cPlaza Ovalo Ch\u00e1vez\u201d. Fica nas proximidades do parque \u201cEl Campo de Marte\u201d.<br \/>\nAgenda na sexta-feira<\/p>\n<p>Na sexta-feira, 19, o Papa Francisco novamente estar\u00e1 em um avi\u00e3o, para deslocar-se at\u00e9 Puerto Maldonado, onde encontra os Povos da Amaz\u00f4nia no Coliseu Regional Madre de Deus.<\/p>\n<p>A seguir tem um encontro com a popula\u00e7\u00e3o local no Instituto Jorge Basadr, seguido pela visita ao Lar Principito.<\/p>\n<p>Ent\u00e3o almo\u00e7a com representantes dos povos da Amaz\u00f4nia, retornando ap\u00f3s para a capital Lima, onde na chegada visita a Capela na Base A\u00e9rea e \u00e0s 16h45, hora local, tem encontro com as Autoridades, com a Sociedade Civil e com o Corpo Diplom\u00e1tico no P\u00e1tio de Honra (Discurso do Santo Padre) e a visita de cortesia ao presidente.<\/p>\n<p>A \u00faltima atividade do Papa Francisco na sexta-feira \u00e9 por volta das 18 horas, com o encontro privado com membros da Companhia de Jesus.<br \/>\nArquidiocese de Lima<\/p>\n<p>A Arquidiocese de Lima abrange uma \u00e1rea de 639km\u00b2; tem 2.867.351 habitantes, 2.413.163 cat\u00f3licos, 121 par\u00f3quias, 22 igrejas, 188 sacerdotes diocesanos (11 ordenados no \u00faltimo ano), 424 religiosas, 18 sacerdotes, 3 di\u00e1conos permanentes, 65 seminaristas dos cursos de filosofia e teologia, 761 membros de Institutos religiosos masculinos, 1.223 membros de Institutos religiosos femininos, 186 Institutos educacionais, 188 institutos de benefic\u00eancia, 40.755 batizados em 2016.<\/p>\n<p>O arcebispo de Lima \u00e9 o cardeal Juan Luis Ciprinai Thorne, nascido em Lima em 28 de dezembro de 1943. Foi ordenado sacerdote em 21 de agosto de 1977; eleito \u00e0 Igreja titular de Tutuzi em 23 de maio de 1988, consagrado bispo em 3 de julho de 1988, promovido \u00e0 Ayacucho em 13 de maio de 1995, transferido a Lima em 9 de janeiro de 1999, criado cardeal por S\u00e3o Jo\u00e3o Paulo II no Consist\u00f3rio de 21 de fevereiro de 2001.<\/p>\n<p>&nbsp;<\/p>\n<p>Fonte: R\u00e1dio Vaticano<\/p>\n","protected":false},"excerpt":{"rendered":"<p>O pa\u00eds \u00e9 a \u00faltima etapa de sua sexta Viagem Apost\u00f3lica ao continente americano Cidade do Vaticano O Papa Francisco chegou \u00e0s 16h32 desta quinta-feira (hora local) ao Aeroporto Internacional Jorge Ch\u00e1vez, de Lima, para a segunda etapa de sua sexta viagem ao continente americano, onde cumprir\u00e1 extensa agenda at\u00e9 domingo, 21 de janeiro, em [&hellip;]<\/p>\n","protected":false},"author":1,"featured_media":37580,"comment_status":"open","ping_status":"closed","sticky":false,"template":"","format":"standard","meta":{"footnotes":""},"categories":[3],"tags":[],"class_list":["post-37579","post","type-post","status-publish","format-standard","has-post-thumbnail","hentry","category-vaticano"],"_links":{"self":[{"href":"https:\/\/catolicanet.net\/wp-cnet\/wp-json\/wp\/v2\/posts\/37579","targetHints":{"allow":["GET"]}}],"collection":[{"href":"https:\/\/catolicanet.net\/wp-cnet\/wp-json\/wp\/v2\/posts"}],"about":[{"href":"https:\/\/catolicanet.net\/wp-cnet\/wp-json\/wp\/v2\/types\/post"}],"author":[{"embeddable":true,"href":"https:\/\/catolicanet.net\/wp-cnet\/wp-json\/wp\/v2\/users\/1"}],"replies":[{"embeddable":true,"href":"https:\/\/catolicanet.net\/wp-cnet\/wp-json\/wp\/v2\/comments?post=37579"}],"version-history":[{"count":1,"href":"https:\/\/catolicanet.net\/wp-cnet\/wp-json\/wp\/v2\/posts\/37579\/revisions"}],"predecessor-version":[{"id":37581,"href":"https:\/\/catolicanet.net\/wp-cnet\/wp-json\/wp\/v2\/posts\/37579\/revisions\/37581"}],"wp:featuredmedia":[{"embeddable":true,"href":"https:\/\/catolicanet.net\/wp-cnet\/wp-json\/wp\/v2\/media\/37580"}],"wp:attachment":[{"href":"https:\/\/catolicanet.net\/wp-cnet\/wp-json\/wp\/v2\/media?parent=37579"}],"wp:term":[{"taxonomy":"category","embeddable":true,"href":"https:\/\/catolicanet.net\/wp-cnet\/wp-json\/wp\/v2\/categories?post=37579"},{"taxonomy":"post_tag","embeddable":true,"href":"https:\/\/catolicanet.net\/wp-cnet\/wp-json\/wp\/v2\/tags?post=37579"}],"curies":[{"name":"wp","href":"https:\/\/api.w.org\/{rel}","templated":true}]}}