{"id":37576,"date":"2018-01-19T08:06:04","date_gmt":"2018-01-19T10:06:04","guid":{"rendered":"http:\/\/catolicanet.net\/wp-cnet\/?p=37576"},"modified":"2018-01-31T16:05:31","modified_gmt":"2018-01-31T18:05:31","slug":"respeitar-as-diferencas-e-a-chave-do-bem-viver","status":"publish","type":"post","link":"https:\/\/catolicanet.net\/wp-cnet\/respeitar-as-diferencas-e-a-chave-do-bem-viver\/","title":{"rendered":"Respeitar as diferen\u00e7as \u00e9 a chave do bem-viver?"},"content":{"rendered":"<p>Padre Fernando Roca Sj, te\u00f3logo,entrop\u00f3logo e especialista em etnobiologia, morou em Belo Horizonte (MG), na Fran\u00e7a &#8211; onde se especializou -, e 15 anos no \u2018mato\u2019, como ele diz, no norte do Peru.<\/p>\n<p>Cristiane Murray &#8211; Puerto Maldonado<\/p>\n<p>\u201cIdentificar caminhos para a evangeliza\u00e7\u00e3o dessa por\u00e7\u00e3o especial do Povo de Deus, os ind\u00edgenas, muitas vezes esquecidos e sem a perspectiva de um futuro sereno\u201d: estas palavras n\u00e3o retornam aos ouvidos e cora\u00e7\u00f5es apenas dos povos amaz\u00f3nicos nesta sexta-feira (19\/01), mas de todas as pessoas que querem bem \u00e0 Casa Comum e ao planeta onde vivemos. S\u00e3o as palavras pronunciadas pelo Papa Francisco no \u00faltimo dia 15 de outubro, quando anunciou que em outubro de 2019, vai se realizar um S\u00ednodo no Vaticano para analisar os desafios sociais e, sobretudo, eclesiais, da Pan-amaz\u00f4nia.<\/p>\n<p>Riqueza de culturas e etnias<\/p>\n<p>Nesta regi\u00e3o de diversidades culturais imensas, uma das principais mensagens que o Papa est\u00e1 trazendo \u00e9 precisamente \u2018aprender a respeitar nossas diferen\u00e7as, e n\u00e3o apenas toler\u00e1-las\u2019. A opini\u00e3o \u00e9 do Padre Fernando Roca Sj, te\u00f3logo, professor de antropologia na PUC de Lima e tamb\u00e9m especialista em etnobiologia, bot\u00e2nica e estudioso de desenvolvimento sustent\u00e1vel na Amaz\u00f4nia. Morou em Belo Horizonte (MG), na Fran\u00e7a &#8211; onde se especializou -, e 15 anos no \u2018mato\u2019, como ele diz, no norte do Peru.<\/p>\n<p>Na v\u00e9spera do encontro no Coliseu Madre de Dios com o Papa Francisco, bispos de vicariatos dos 9 pa\u00edses da Amaz\u00f4nia se reuniram com uma representa\u00e7\u00e3o de povos ind\u00edgenas em uma grande Assembleia com cores e sons amaz\u00f4nicos e muita reflex\u00e3o sobre a Enc\u00edclica Laudato si.<\/p>\n<p>O parecer de quem participou<\/p>\n<p>Irm\u00e3 Irene Lopes, assessora da Rede Eclesial Pan-amaz\u00f4nica, REPAM, falou com o Vatican News logo ap\u00f3s o evento que a seu ver, foi uma bela prepara\u00e7\u00e3o para a visita do Papa.<\/p>\n<p>J\u00e1 para Dom Pedro Barreto, arcebispo de Huancayo e vice-Presidente da REPAM, \u201cesta experi\u00eancia de Assembl\u00e9ia ind\u00edgena \u00e9 \u00fanica na hist\u00f3ria\u201d.<\/p>\n<p>\u201cOs povos ind\u00edgenas querem uma Igreja que os acompanhe em suas lutas; e pedem uma presen\u00e7a concreta, permanente e inculturada\u201d, afirma com seguran\u00e7a Maur\u00edcio Lopez, secret\u00e1rio-executivo da REPAM.<\/p>\n<p>Participar\u00e3o do encontro no gin\u00e1sio de esportes de Puerto Maldonado l\u00edderes de toda selva do Peru e centenas de \u00edndios provenientes da Bol\u00edvia e do Brasil, os tr\u00eas pa\u00edses cujos territ\u00f3rios representam 13, 11 e 67% da Amaz\u00f4nia, respectivamente.<\/p>\n<p>&nbsp;<\/p>\n<p><a href=\"http:\/\/media.vaticannews.va\/media\/audio\/s1\/2018\/1\/19\/9\/134237838_F134237838.mp3\">Clique aqui para ouvir o \u00e1udio:<\/a><\/p>\n<p>&nbsp;<\/p>\n<p><a href=\"https:\/\/www.youtube.com\/watch?v=Cec6IEIzYzA\">Clique aqui para assistir o v\u00eddeo:<\/a><\/p>\n<p>&nbsp;<\/p>\n<p>Fonte: R\u00e1dio Vaticano<\/p>\n","protected":false},"excerpt":{"rendered":"<p>Padre Fernando Roca Sj, te\u00f3logo,entrop\u00f3logo e especialista em etnobiologia, morou em Belo Horizonte (MG), na Fran\u00e7a &#8211; onde se especializou -, e 15 anos no \u2018mato\u2019, como ele diz, no norte do Peru. Cristiane Murray &#8211; Puerto Maldonado \u201cIdentificar caminhos para a evangeliza\u00e7\u00e3o dessa por\u00e7\u00e3o especial do Povo de Deus, os ind\u00edgenas, muitas vezes esquecidos [&hellip;]<\/p>\n","protected":false},"author":1,"featured_media":37577,"comment_status":"open","ping_status":"closed","sticky":false,"template":"","format":"standard","meta":{"footnotes":""},"categories":[3],"tags":[],"class_list":["post-37576","post","type-post","status-publish","format-standard","has-post-thumbnail","hentry","category-vaticano"],"_links":{"self":[{"href":"https:\/\/catolicanet.net\/wp-cnet\/wp-json\/wp\/v2\/posts\/37576","targetHints":{"allow":["GET"]}}],"collection":[{"href":"https:\/\/catolicanet.net\/wp-cnet\/wp-json\/wp\/v2\/posts"}],"about":[{"href":"https:\/\/catolicanet.net\/wp-cnet\/wp-json\/wp\/v2\/types\/post"}],"author":[{"embeddable":true,"href":"https:\/\/catolicanet.net\/wp-cnet\/wp-json\/wp\/v2\/users\/1"}],"replies":[{"embeddable":true,"href":"https:\/\/catolicanet.net\/wp-cnet\/wp-json\/wp\/v2\/comments?post=37576"}],"version-history":[{"count":1,"href":"https:\/\/catolicanet.net\/wp-cnet\/wp-json\/wp\/v2\/posts\/37576\/revisions"}],"predecessor-version":[{"id":37578,"href":"https:\/\/catolicanet.net\/wp-cnet\/wp-json\/wp\/v2\/posts\/37576\/revisions\/37578"}],"wp:featuredmedia":[{"embeddable":true,"href":"https:\/\/catolicanet.net\/wp-cnet\/wp-json\/wp\/v2\/media\/37577"}],"wp:attachment":[{"href":"https:\/\/catolicanet.net\/wp-cnet\/wp-json\/wp\/v2\/media?parent=37576"}],"wp:term":[{"taxonomy":"category","embeddable":true,"href":"https:\/\/catolicanet.net\/wp-cnet\/wp-json\/wp\/v2\/categories?post=37576"},{"taxonomy":"post_tag","embeddable":true,"href":"https:\/\/catolicanet.net\/wp-cnet\/wp-json\/wp\/v2\/tags?post=37576"}],"curies":[{"name":"wp","href":"https:\/\/api.w.org\/{rel}","templated":true}]}}