{"id":3756,"date":"2013-12-19T11:47:53","date_gmt":"2013-12-19T13:47:53","guid":{"rendered":"http:\/\/catolicanet.net\/wp-cnet\/cardeal-koch-encerra-viagem-a-russia\/"},"modified":"2017-03-24T14:42:17","modified_gmt":"2017-03-24T17:42:17","slug":"cardeal-koch-encerra-viagem-a-russia","status":"publish","type":"post","link":"https:\/\/catolicanet.net\/wp-cnet\/cardeal-koch-encerra-viagem-a-russia\/","title":{"rendered":"Cardeal Koch encerra viagem \u00e0 R\u00fassia"},"content":{"rendered":"<p style=\"text-align: justify;\"><img decoding=\"async\" src=\"http:\/\/www.catolicanet.com.br\/images\/stories\/cardealkoch.jpg\" border=\"0\" align=\"left\" \/>Termina nesta quinta-feira a viagem do Cardeal Kurt Koch, Presidente do Pontif\u00edcio Conselho para a Promo\u00e7\u00e3o da Unidade dos Crist\u00e3os, \u00e0 R\u00fassia. A primeira etapa da viagem que come\u00e7ou no dia 14 foi S\u00e3o Petersburgo para encontros com a comunidade cat\u00f3lica. A segunda etapa foi Moscou para encontros com as autoridades da Igreja ortodoxa russa, com o objetivo de avaliar as rela\u00e7\u00f5es entre as duas Igrejas crist\u00e3s e projetar passos no futuro. Na \u00faltima ter\u00e7a-feira, dia 17 de dezembro, houve o encontro entre o Cardeal Koch e o metropolita Hilarion, chefe do departamento para as rela\u00e7\u00f5es exteriores do Patriarcado de Moscou.<\/p>\n<p>Num comunicado, no final do encontro, se informa que o di\u00e1logo entre os dois l\u00edderes religiosos abordou quest\u00f5es de coopera\u00e7\u00e3o entre o Patriarcado de Moscou e a Igreja cat\u00f3lica romana, em particular no contexto da Comiss\u00e3o mista cat\u00f3lico-ortodoxa teol\u00f3gica, e, em contexto cultural e da troca de estudantes. Participaram do encontro, al\u00e9m do Cardeal Koch, o N\u00fancio Apost\u00f3lico junto \u00e0 Federa\u00e7\u00e3o Russa, Dom Ivan Jurkovic, e Dom Paulo Pezzi, Arcebispo da Arquidiocese da M\u00e3e de Deus, e um integrante do dicast\u00e9rio vaticano Iakinf Destivel. Ontem, quarta-feira, na Catedral Cristo Salvador o encontro do Cardeal Koch com o Patriarca de Moscou e de toda a R\u00fassia, Kirill, mas oficialmente n\u00e3o foi divulgado nenhum comunicado.<\/p>\n<p>Em uma coletiva de imprensa, na capital, o purpurado afirmou que as rela\u00e7\u00f5es entre cat\u00f3licos e ortodoxos russos \u201cmelhoraram\u201d: o metropolita Hilarion vem a Roma frequentemente, e vemos que na Igreja de Moscou h\u00e1 uma desejo maior de a\u00e7\u00f5es comuns\u201d, destacou. Eis o que disse \u00e0 R\u00e1dio Vaticano o Cardeal Koch sobre os encontro destes dias:<\/p>\n<p>\u201c\u00c9 muito cedo para dizer algo de concreto, mas espero que a minha visita contribua para aprofundar a rela\u00e7\u00e3o entre a Igreja Ortodoxa russa e a Igreja Cat\u00f3lica. E espero que o encontro com o Patriarca Kirill favore\u00e7a o aprofundamento das quest\u00f5es comuns \u00e0s duas Igrejas. Constatei tamb\u00e9m uma maior colabora\u00e7\u00e3o com a Igreja Cat\u00f3lica, com a Igreja de Roma, e isso eu aprecio muito. Espero que no futuro esta coopera\u00e7\u00e3o possa se tornar mais ampla e melhor\u201d.<\/p>\n<p>Precisamente sobre o caminho do di\u00e1logo ecum\u00eanico entre cat\u00f3licos e ortodoxos russos fala o Padre Germano Marani, Professor de Teologia Dogm\u00e1tica e Missiologia no Pontif\u00edcio Instituto Oriental e na Pontif\u00edcia Universidade Gregoriana, profundo conhecedor da ortodoxia russa:<\/p>\n<p>R. &#8211; O ano de 2013 foi um ano bastante positivo no que diz respeito \u00e0s rela\u00e7\u00f5es entre a Igreja Cat\u00f3lica e a Igreja Ortodoxa russa. Houve melhoramentos, embora n\u00e3o t\u00e3o imediatamente vis\u00edveis, e se nota sobretudo tamb\u00e9m nos jornais russos, que se fala melhor sobre a Igreja Cat\u00f3lica e do que est\u00e1 relacionada a ela. Creio que \u00e9 um ponto importante.<\/p>\n<p>P. \u2013 Ao que se devem esses progressos?<\/p>\n<p>R. \u2013 Se devem a um clima que est\u00e1 melhorando, \u00e0s diversas rela\u00e7\u00f5es em curso, aos interc\u00e2mbios, mesmo que n\u00e3o veem e n\u00e3o se fala.<\/p>\n<p style=\"text-align: justify;\">\u00a0<\/p>\n<p style=\"text-align: justify;\"><strong>Local: Moscou<br \/>Fonte: R\u00e1dio Vaticano<\/strong><\/p>\n","protected":false},"excerpt":{"rendered":"<p>Termina nesta quinta-feira a viagem do Cardeal Kurt Koch, Presidente do Pontif\u00edcio Conselho para a Promo\u00e7\u00e3o da Unidade dos Crist\u00e3os, \u00e0 R\u00fassia. A primeira etapa da viagem que come\u00e7ou no dia 14 foi S\u00e3o Petersburgo para encontros com a comunidade cat\u00f3lica. A segunda etapa foi Moscou para encontros com as autoridades da Igreja ortodoxa russa, [&hellip;]<\/p>\n","protected":false},"author":1,"featured_media":3755,"comment_status":"closed","ping_status":"closed","sticky":false,"template":"","format":"standard","meta":{"footnotes":""},"categories":[3],"tags":[],"class_list":["post-3756","post","type-post","status-publish","format-standard","has-post-thumbnail","hentry","category-vaticano"],"_links":{"self":[{"href":"https:\/\/catolicanet.net\/wp-cnet\/wp-json\/wp\/v2\/posts\/3756","targetHints":{"allow":["GET"]}}],"collection":[{"href":"https:\/\/catolicanet.net\/wp-cnet\/wp-json\/wp\/v2\/posts"}],"about":[{"href":"https:\/\/catolicanet.net\/wp-cnet\/wp-json\/wp\/v2\/types\/post"}],"author":[{"embeddable":true,"href":"https:\/\/catolicanet.net\/wp-cnet\/wp-json\/wp\/v2\/users\/1"}],"replies":[{"embeddable":true,"href":"https:\/\/catolicanet.net\/wp-cnet\/wp-json\/wp\/v2\/comments?post=3756"}],"version-history":[{"count":1,"href":"https:\/\/catolicanet.net\/wp-cnet\/wp-json\/wp\/v2\/posts\/3756\/revisions"}],"predecessor-version":[{"id":8030,"href":"https:\/\/catolicanet.net\/wp-cnet\/wp-json\/wp\/v2\/posts\/3756\/revisions\/8030"}],"wp:featuredmedia":[{"embeddable":true,"href":"https:\/\/catolicanet.net\/wp-cnet\/wp-json\/wp\/v2\/media\/3755"}],"wp:attachment":[{"href":"https:\/\/catolicanet.net\/wp-cnet\/wp-json\/wp\/v2\/media?parent=3756"}],"wp:term":[{"taxonomy":"category","embeddable":true,"href":"https:\/\/catolicanet.net\/wp-cnet\/wp-json\/wp\/v2\/categories?post=3756"},{"taxonomy":"post_tag","embeddable":true,"href":"https:\/\/catolicanet.net\/wp-cnet\/wp-json\/wp\/v2\/tags?post=3756"}],"curies":[{"name":"wp","href":"https:\/\/api.w.org\/{rel}","templated":true}]}}