{"id":37558,"date":"2018-01-19T07:17:36","date_gmt":"2018-01-19T09:17:36","guid":{"rendered":"http:\/\/catolicanet.net\/wp-cnet\/?p=37558"},"modified":"2018-01-31T15:53:40","modified_gmt":"2018-01-31T17:53:40","slug":"dom-orani-sao-sebastiao-viveu-como-cristo-e-soube-como-ajudar-na-caminhada-de-fe","status":"publish","type":"post","link":"https:\/\/catolicanet.net\/wp-cnet\/dom-orani-sao-sebastiao-viveu-como-cristo-e-soube-como-ajudar-na-caminhada-de-fe\/","title":{"rendered":"Dom Orani: \u201cS\u00e3o Sebasti\u00e3o viveu como Cristo e soube como ajudar na caminhada de F\u00e9\u201d"},"content":{"rendered":"<p>Crian\u00e7as s\u00e3o batizadas com seu nome, par\u00f3quias o t\u00eam por padroeiro, igrejas o festejam como titular, bairros e cidades tamb\u00e9m a ele se vinculam. S\u00e3o Sebasti\u00e3o \u00e9 celebrado liturgicamente no dia 20 de janeiro, data em que o soldado do imp\u00e9rio romano sofreu o mart\u00edrio em Roma, por volta do s\u00e9culo II, em virtude de sua fidelidade a Cristo e \u00e0 Igreja.<\/p>\n<p>\u201cEle foi um grande mission\u00e1rio do seu tempo, levando o nome de Jesus a todos, fortalecendo os que estavam cansados e abatidos pela persegui\u00e7\u00e3o religiosa daquela \u00e9poca\u201d, afirma o arcebispo do Rio de Janeiro, cardeal Orani Jo\u00e3o Tempesta.<\/p>\n<p><img loading=\"lazy\" decoding=\"async\" class=\"alignright\" src=\"http:\/\/cnbb.net.br\/wp-content\/uploads\/sites\/32\/2018\/01\/26219757_1797276427009986_4993277261832892039_n.jpg\" width=\"200\" height=\"136\" border=\"0\" \/>Na foto, a imagem de S\u00e3o Sebasti\u00e3o. Cr\u00e9dito: Arquidiocese de S\u00e3o Sebasti\u00e3o do Rio de Janeiro<\/p>\n<p>Quem foi, por\u00e9m, S\u00e3o Sebasti\u00e3o? \u2013 Os registros s\u00e3o escassos a seu respeito, mas escritos d\u00e3o conta de que Sebasti\u00e3o foi preso num tronco, a pedido do imperador da \u00e9poca, e sob o seu corpo foram lan\u00e7adas flechas, mas uma mulher, esposa de um m\u00e1rtir, que o conhecia aproximou-se dele e cuidou de suas feridas. Ap\u00f3s um tempo, Sebasti\u00e3o se aproximou novamente do imperador, evangelizou, testemunhou mas, no ano de 288 foi duramente martirizado.<\/p>\n<p>\u201cS\u00e3o Sebasti\u00e3o aprendeu a viver como Cristo e, por isso, soube como ajudar na caminhada de F\u00e9. Ele ajudou os disc\u00edpulos daquele tempo e intercede pelos disc\u00edpulos de hoje. S\u00e3o Sebasti\u00e3o viveu e transmitiu uma realidade: Jesus se compadece das nossas fraquezas. Ele sente e compreende cada uma delas, sabe o que sofremos e em quais condi\u00e7\u00f5es vivemos. E, mesmo com todo sofrimento e persegui\u00e7\u00e3o, nos ensina a superar tudo com Amor\u201d, enfatiza dom Orani.<\/p>\n<p>S\u00e3o Sebasti\u00e3o do Rio de Janeiro<\/p>\n<p><img loading=\"lazy\" decoding=\"async\" class=\"alignleft\" src=\"http:\/\/cnbb.net.br\/wp-content\/uploads\/sites\/32\/2018\/01\/26907450_1805149799555982_6994527401008705864_n.jpg\" width=\"200\" height=\"133\" border=\"0\" \/>Na foto, dom Orani com a imagem de S\u00e3o Sebasti\u00e3o, na Ba\u00eda de Guanabara. Cr\u00e9dito: Gustavo de Oliveira<\/p>\n<p>A cidade maravilhosa, como \u00e9 conhecida, tamb\u00e9m leva o nome oficial do padroeiro: \u201cS\u00e3o Sebasti\u00e3o do Rio de Janeiro\u201d, assim como sua arquidiocese. Segundo dom Orani, a expectativa da celebra\u00e7\u00e3o do dia 20 de janeiro por l\u00e1 ajuda a ver a miss\u00e3o e serv\u00ed-la, e, com o exemplo do padroeiro, seguir a Cristo dando testemunho da f\u00e9.<\/p>\n<p>Trezena \u2013 Desde o dia 7 de janeiro, a arquidiocese tem realizado a trezena de S\u00e3o Sebasti\u00e3o. O tema que acompanha a celebra\u00e7\u00e3o deste ano \u00e9 \u201cS\u00e3o Sebasti\u00e3o superou tudo com amor\u201d. Na ocasi\u00e3o, a imagem peregrina do santo, c\u00f3pia hist\u00f3rica trazida por Est\u00e1cio de S\u00e1 tem percorrido toda a cidade. A celebra\u00e7\u00e3o tamb\u00e9m prepara os fi\u00e9is indicando a motiva\u00e7\u00e3o pastoral que seguir\u00e3o neste ano que \u00e9 o \u201cAno do Laicato\u201d e, de modo especial, a Campanha da Fraternidade sobre a Supera\u00e7\u00e3o da Viol\u00eancia.<\/p>\n<p>\u201cA trezena, embora n\u00e3o fa\u00e7a parte da liturgia oficial da Igreja, nos prepara, no entanto, para a liturgia e para a vida de unidade eclesial. Caminhamos juntos na mesma f\u00e9, e ao pedirmos a intercess\u00e3o de S\u00e3o Sebasti\u00e3o devemos querer imitar as virtudes de sua vida no seguimento ao Evangelho de Jesus Cristo. A passagem da peregrina\u00e7\u00e3o pelas ruas dessa grande cidade suscita tamb\u00e9m rea\u00e7\u00f5es, em geral de piedade, levando pessoas a voltarem a participar de sua comunidade, procurando vivenciar suas tradi\u00e7\u00f5es cat\u00f3licas\u201d, finaliza dom Orani.<\/p>\n<p>&nbsp;<\/p>\n<p>Fonte: CNBB<\/p>\n","protected":false},"excerpt":{"rendered":"<p>Crian\u00e7as s\u00e3o batizadas com seu nome, par\u00f3quias o t\u00eam por padroeiro, igrejas o festejam como titular, bairros e cidades tamb\u00e9m a ele se vinculam. S\u00e3o Sebasti\u00e3o \u00e9 celebrado liturgicamente no dia 20 de janeiro, data em que o soldado do imp\u00e9rio romano sofreu o mart\u00edrio em Roma, por volta do s\u00e9culo II, em virtude de [&hellip;]<\/p>\n","protected":false},"author":1,"featured_media":37559,"comment_status":"open","ping_status":"closed","sticky":false,"template":"","format":"standard","meta":{"footnotes":""},"categories":[7],"tags":[],"class_list":["post-37558","post","type-post","status-publish","format-standard","has-post-thumbnail","hentry","category-cnbb"],"_links":{"self":[{"href":"https:\/\/catolicanet.net\/wp-cnet\/wp-json\/wp\/v2\/posts\/37558","targetHints":{"allow":["GET"]}}],"collection":[{"href":"https:\/\/catolicanet.net\/wp-cnet\/wp-json\/wp\/v2\/posts"}],"about":[{"href":"https:\/\/catolicanet.net\/wp-cnet\/wp-json\/wp\/v2\/types\/post"}],"author":[{"embeddable":true,"href":"https:\/\/catolicanet.net\/wp-cnet\/wp-json\/wp\/v2\/users\/1"}],"replies":[{"embeddable":true,"href":"https:\/\/catolicanet.net\/wp-cnet\/wp-json\/wp\/v2\/comments?post=37558"}],"version-history":[{"count":1,"href":"https:\/\/catolicanet.net\/wp-cnet\/wp-json\/wp\/v2\/posts\/37558\/revisions"}],"predecessor-version":[{"id":37560,"href":"https:\/\/catolicanet.net\/wp-cnet\/wp-json\/wp\/v2\/posts\/37558\/revisions\/37560"}],"wp:featuredmedia":[{"embeddable":true,"href":"https:\/\/catolicanet.net\/wp-cnet\/wp-json\/wp\/v2\/media\/37559"}],"wp:attachment":[{"href":"https:\/\/catolicanet.net\/wp-cnet\/wp-json\/wp\/v2\/media?parent=37558"}],"wp:term":[{"taxonomy":"category","embeddable":true,"href":"https:\/\/catolicanet.net\/wp-cnet\/wp-json\/wp\/v2\/categories?post=37558"},{"taxonomy":"post_tag","embeddable":true,"href":"https:\/\/catolicanet.net\/wp-cnet\/wp-json\/wp\/v2\/tags?post=37558"}],"curies":[{"name":"wp","href":"https:\/\/api.w.org\/{rel}","templated":true}]}}