{"id":3754,"date":"2013-12-19T11:20:42","date_gmt":"2013-12-19T13:20:42","guid":{"rendered":"http:\/\/catolicanet.net\/wp-cnet\/concerto-de-natal-na-catedral-da-se\/"},"modified":"2017-03-24T14:42:57","modified_gmt":"2017-03-24T17:42:57","slug":"concerto-de-natal-na-catedral-da-se","status":"publish","type":"post","link":"https:\/\/catolicanet.net\/wp-cnet\/concerto-de-natal-na-catedral-da-se\/","title":{"rendered":"Concerto de Natal na Catedral da S\u00e9"},"content":{"rendered":"<p style=\"text-align: justify;\">A Arquidiocese de S\u00e3o Paulo (SP) realiza no dia 24 de dezembro, v\u00e9spera de Natal, um Concerto com m\u00fasicas natalinas. Na noite em que a comunidade se re\u00fane para celebrar o nascimento de Jesus, o Concerto de Natal abrilhantar\u00e1 a noite. O cen\u00e1rio para o Concerto de Natal ser\u00e1 a Catedral Metropolitana de S\u00e3o Paulo, Catedral da S\u00e9. O evento natalino ter\u00e1 in\u00edcio \u00e0s 23h e ser\u00e1 seguido pela Missa da Vig\u00edlia, \u00e0 meia-noite.<\/p>\n<p>Para o Arcebispo de S\u00e3o Paulo, Cardeal Odilo Pedro Scherer, o Natal recorda-nos a \u2018bondosa compaix\u00e3o do nosso Deus\u2019, que dura para sempre. \u201cS\u00f3 temos a exclamar: \u00f3 admir\u00e1vel Mist\u00e9rio! Desejo que todos experimentem neste Natal de Jesus a proximidade de Deus e a imensa paz que Ele nos traz. E sejamos portadores dessa Boa Nova tamb\u00e9m para os outros, especialmente para os que sofrem ou ainda vivem sem a luz que Ele nos trouxe\u201d, afirmou.<\/p>\n<p>Natal Iluminado &#8211; No \u00faltimo dia 1\u00ba de dezembro, a Catedral foi palco para a Orquestra Sinf\u00f4nica Heli\u00f3polis e o Coral da Gente, abrindo o projeto Natal Iluminado de 2013. Sob reg\u00eancia do maestro Edilson Ventureli, o concerto foi aberto ao p\u00fablico com entrada gratuita.<\/p>\n<p style=\"text-align: justify;\">\u00a0<\/p>\n<p style=\"text-align: justify;\"><strong>Local: S\u00e3o Paulo <br \/>Fonte: R\u00e1dio Vaticano<\/strong><\/p>\n","protected":false},"excerpt":{"rendered":"<p>A Arquidiocese de S\u00e3o Paulo (SP) realiza no dia 24 de dezembro, v\u00e9spera de Natal, um Concerto com m\u00fasicas natalinas. Na noite em que a comunidade se re\u00fane para celebrar o nascimento de Jesus, o Concerto de Natal abrilhantar\u00e1 a noite. O cen\u00e1rio para o Concerto de Natal ser\u00e1 a Catedral Metropolitana de S\u00e3o Paulo, [&hellip;]<\/p>\n","protected":false},"author":1,"featured_media":0,"comment_status":"closed","ping_status":"closed","sticky":false,"template":"","format":"standard","meta":{"footnotes":""},"categories":[3],"tags":[],"class_list":["post-3754","post","type-post","status-publish","format-standard","hentry","category-vaticano"],"_links":{"self":[{"href":"https:\/\/catolicanet.net\/wp-cnet\/wp-json\/wp\/v2\/posts\/3754","targetHints":{"allow":["GET"]}}],"collection":[{"href":"https:\/\/catolicanet.net\/wp-cnet\/wp-json\/wp\/v2\/posts"}],"about":[{"href":"https:\/\/catolicanet.net\/wp-cnet\/wp-json\/wp\/v2\/types\/post"}],"author":[{"embeddable":true,"href":"https:\/\/catolicanet.net\/wp-cnet\/wp-json\/wp\/v2\/users\/1"}],"replies":[{"embeddable":true,"href":"https:\/\/catolicanet.net\/wp-cnet\/wp-json\/wp\/v2\/comments?post=3754"}],"version-history":[{"count":1,"href":"https:\/\/catolicanet.net\/wp-cnet\/wp-json\/wp\/v2\/posts\/3754\/revisions"}],"predecessor-version":[{"id":8031,"href":"https:\/\/catolicanet.net\/wp-cnet\/wp-json\/wp\/v2\/posts\/3754\/revisions\/8031"}],"wp:attachment":[{"href":"https:\/\/catolicanet.net\/wp-cnet\/wp-json\/wp\/v2\/media?parent=3754"}],"wp:term":[{"taxonomy":"category","embeddable":true,"href":"https:\/\/catolicanet.net\/wp-cnet\/wp-json\/wp\/v2\/categories?post=3754"},{"taxonomy":"post_tag","embeddable":true,"href":"https:\/\/catolicanet.net\/wp-cnet\/wp-json\/wp\/v2\/tags?post=3754"}],"curies":[{"name":"wp","href":"https:\/\/api.w.org\/{rel}","templated":true}]}}