{"id":37483,"date":"2018-01-17T07:38:16","date_gmt":"2018-01-17T09:38:16","guid":{"rendered":"http:\/\/catolicanet.net\/wp-cnet\/?p=37483"},"modified":"2018-01-31T13:53:53","modified_gmt":"2018-01-31T15:53:53","slug":"premio-de-comunicacao-microfone-de-prata-valoriza-producoes-radiofonicas-de-emissoras-laicas-e-da-igreja","status":"publish","type":"post","link":"https:\/\/catolicanet.net\/wp-cnet\/premio-de-comunicacao-microfone-de-prata-valoriza-producoes-radiofonicas-de-emissoras-laicas-e-da-igreja\/","title":{"rendered":"Pr\u00eamio de comunica\u00e7\u00e3o \u201cMicrofone de Prata\u201d valoriza produ\u00e7\u00f5es radiof\u00f4nicas de emissoras laicas e da Igreja"},"content":{"rendered":"<p>O pr\u00eamio \u201cMicrofone de Prata\u201d foi criado por uma institui\u00e7\u00e3o que n\u00e3o existe mais, a Unda Brasil. A continuidade da miss\u00e3o dela foi assumida pela Signis Brasil. Nos dois casos, eram e \u00e9 uma inst\u00e2ncia cat\u00f3lica que ajuda o trabalho de acompanhamento, forma\u00e7\u00e3o e anima\u00e7\u00e3o dos chamados meios de comunica\u00e7\u00e3o social.\u00a0 O R\u00e1dio, para o qual \u00e9 dado o pr\u00eamio, \u00e9 uma das express\u00f5es da Igreja no Brasil mais importante na hist\u00f3ria recente. H\u00e1 centenas de emissoras que tem sua gest\u00e3o sob a responsabilidade de par\u00f3quias, dioceses, funda\u00e7\u00f5es e congrega\u00e7\u00f5es religiosas. E o pr\u00eamio foi criado justamente para valorizar e destacar esse trabalho. Com o passar do tempo, os organizadores do pr\u00eamio tamb\u00e9m incentivaram a participa\u00e7\u00e3o de trabalhos radiof\u00f4nicos em ve\u00edculos fora da Igreja, contando que sejam trabalhos que deem relevo a valores humanos e crist\u00e3os.<\/p>\n<p>O Pr\u00eamio<\/p>\n<p>Organizado em tr\u00eas categorias: religioso, jornal\u00edstico e entretenimento, o pr\u00eamio \u00e9 concedido a uma pessoa que representa toda a equipe que realiza os programas, as reportagens, os document\u00e1rios. Depois de encerradas as inscri\u00e7\u00f5es, no pr\u00f3ximo dia 31 de janeiro de 2018, os trabalhos ser\u00e3o encaminhados a um corpo de jurados definido pela Signis e Rede Cat\u00f3lica de R\u00e1dio (RCR), em S\u00e3o Paulo. S\u00e3o envolvidos: ouvintes, profissionais do R\u00e1dio e professores para analisar cada candidatura.<\/p>\n<p>Para a presidente da RCR, \u00c2ngela Moraes, o pr\u00eamio valoriza o conte\u00fado radiof\u00f4nico veiculado pelas emissoras cat\u00f3licas: \u201cEle valoriza o comunicador, a produ\u00e7\u00e3o, a parte t\u00e9cnica, a linguagem, e isso \u00e9 importante para qualificar o nosso produto radiof\u00f4nico\u201d.<\/p>\n<p><img loading=\"lazy\" decoding=\"async\" class=\"alignright\" src=\"http:\/\/cnbb.net.br\/wp-content\/uploads\/sites\/32\/2018\/01\/Premiados-da-CNBB.jpg\" width=\"350\" height=\"263\" border=\"0\" \/>\u00daltimos ganhadores<\/p>\n<p>Na edi\u00e7\u00e3o de 2017, na categoria de jornal\u00edstico, ganhou o pr\u00eamio Microfone de Prata uma extraordin\u00e1ria reportagem da R\u00e1dio Senado feita pela jornalista Paula Groba: \u201cPreven\u00e7\u00e3o do suic\u00eddio: \u00e9 preciso falar. \u00c9 poss\u00edvel salvar vidas\u201d. Segundo informa\u00e7\u00f5es da emissora, com esse trabalho especial, durante os 30 minutos do programa, o ouvinte pode ficar sabendo como identificar atitudes de quem pode estar pensando em acabar com a pr\u00f3pria vida, a opini\u00e3o de especialistas sobre como prevenir este mal e o que tem sido feito pelo governo para evitar as mortes.<\/p>\n<p>O ganhador na categoria Religioso foi um programa da R\u00e1dio Imaculada Concei\u00e7\u00e3o, de Santo Andr\u00e9 (SP), apresentado por Nathalia Silva Pinto: \u201cFam\u00edlia Consagrada\u201d. Durante a cerim\u00f4nia de entrega dos pr\u00eamios que foi gravada numa velha sala de cinema, em Trindade (GO), Nathalia falou da emo\u00e7\u00e3o de fazer um programa di\u00e1rio no R\u00e1dio e confessou que pedia a Deus que falasse por ela nos dias em que ela n\u00e3o se sentia com todas as condi\u00e7\u00f5es para realizar o trabalho.<\/p>\n<p>A terceira categoria do pr\u00eamio Microfone de Prata do ano de 2017, a do Entretenimento, foi tamb\u00e9m ganhadora uma produ\u00e7\u00e3o da R\u00e1dio Imaculada Concei\u00e7\u00e3o: \u201cPonto de Encontro\u201d. Nathalia Silva que representou o \u201cFam\u00edlia Consagrada\u201d estava acompanhada pela jornalista Ana Cristina Ribeiro e tamb\u00e9m falou do pr\u00eamio em mat\u00e9ria publicada no site da Mil\u00edcia da Imaculada: \u201cReceber estes reconhecimentos nos confirma que estamos no caminho certo em nossa miss\u00e3o como Igreja. Estamos no ar com o Fam\u00edlia Consagrada h\u00e1 7 anos e com o Ponto de Encontro h\u00e1 9. Temos imensa gratid\u00e3o por todas as pessoas que contribu\u00edram e contribuem, de alguma forma, com o nascer e crescer de nossos programas\u201d.<\/p>\n<p>&nbsp;<\/p>\n<p>Fonte: CNBB<\/p>\n","protected":false},"excerpt":{"rendered":"<p>O pr\u00eamio \u201cMicrofone de Prata\u201d foi criado por uma institui\u00e7\u00e3o que n\u00e3o existe mais, a Unda Brasil. A continuidade da miss\u00e3o dela foi assumida pela Signis Brasil. Nos dois casos, eram e \u00e9 uma inst\u00e2ncia cat\u00f3lica que ajuda o trabalho de acompanhamento, forma\u00e7\u00e3o e anima\u00e7\u00e3o dos chamados meios de comunica\u00e7\u00e3o social.\u00a0 O R\u00e1dio, para o [&hellip;]<\/p>\n","protected":false},"author":1,"featured_media":37484,"comment_status":"open","ping_status":"closed","sticky":false,"template":"","format":"standard","meta":{"footnotes":""},"categories":[7],"tags":[],"class_list":["post-37483","post","type-post","status-publish","format-standard","has-post-thumbnail","hentry","category-cnbb"],"_links":{"self":[{"href":"https:\/\/catolicanet.net\/wp-cnet\/wp-json\/wp\/v2\/posts\/37483","targetHints":{"allow":["GET"]}}],"collection":[{"href":"https:\/\/catolicanet.net\/wp-cnet\/wp-json\/wp\/v2\/posts"}],"about":[{"href":"https:\/\/catolicanet.net\/wp-cnet\/wp-json\/wp\/v2\/types\/post"}],"author":[{"embeddable":true,"href":"https:\/\/catolicanet.net\/wp-cnet\/wp-json\/wp\/v2\/users\/1"}],"replies":[{"embeddable":true,"href":"https:\/\/catolicanet.net\/wp-cnet\/wp-json\/wp\/v2\/comments?post=37483"}],"version-history":[{"count":1,"href":"https:\/\/catolicanet.net\/wp-cnet\/wp-json\/wp\/v2\/posts\/37483\/revisions"}],"predecessor-version":[{"id":37485,"href":"https:\/\/catolicanet.net\/wp-cnet\/wp-json\/wp\/v2\/posts\/37483\/revisions\/37485"}],"wp:featuredmedia":[{"embeddable":true,"href":"https:\/\/catolicanet.net\/wp-cnet\/wp-json\/wp\/v2\/media\/37484"}],"wp:attachment":[{"href":"https:\/\/catolicanet.net\/wp-cnet\/wp-json\/wp\/v2\/media?parent=37483"}],"wp:term":[{"taxonomy":"category","embeddable":true,"href":"https:\/\/catolicanet.net\/wp-cnet\/wp-json\/wp\/v2\/categories?post=37483"},{"taxonomy":"post_tag","embeddable":true,"href":"https:\/\/catolicanet.net\/wp-cnet\/wp-json\/wp\/v2\/tags?post=37483"}],"curies":[{"name":"wp","href":"https:\/\/api.w.org\/{rel}","templated":true}]}}