{"id":37480,"date":"2018-01-17T07:36:08","date_gmt":"2018-01-17T09:36:08","guid":{"rendered":"http:\/\/catolicanet.net\/wp-cnet\/?p=37480"},"modified":"2018-01-31T13:51:15","modified_gmt":"2018-01-31T15:51:15","slug":"lima-faz-483-anos-no-dia-da-chegada-do-papa","status":"publish","type":"post","link":"https:\/\/catolicanet.net\/wp-cnet\/lima-faz-483-anos-no-dia-da-chegada-do-papa\/","title":{"rendered":"Lima faz 483 anos no dia da chegada do Papa"},"content":{"rendered":"<p>No final da tarde desta quinta-feira, 18 de janeiro, quando a popula\u00e7\u00e3o recebe o Papa Francisco para uma r\u00e1pida visita ao Peru, a capital do Pa\u00eds, Lima, celebra seu anivers\u00e1rio de 483 anos. Fundada pelo espanhol Francisco Pizzarro, em 1535, quase um ter\u00e7o dos peruanos moram na capital que conta com mais de 9 milh\u00f5es de habitantes. Duas curiosidades contadas por turistas chamam a aten\u00e7\u00e3o para a particularidade dessa cidade: h\u00e1 muitas casas que n\u00e3o t\u00eam telhado na cidade e j\u00e1 foi chamada por um escritor famoso do lugar mais triste do mundo.<\/p>\n<p>A hist\u00f3ria de casas sem telhado tem fundamento. Quase nunca chove em Lima. Parece que a culpa \u00e9 das cordilheiras que n\u00e3o deixam os ventos chegarem. O m\u00e1ximo que as pessoas contar, segundo testemunho de turistas brasileiros publicados na internet, \u00e9 com uma fin\u00edssima garoa que n\u00e3o chega nem a molhar direito as cal\u00e7adas. A falta de telhados passa uma impress\u00e3o de que certas regi\u00f5es da capital seja um amontoado de pr\u00e9dios inacabados.<\/p>\n<p>A fama de lugar triste n\u00e3o tem raz\u00e3o de ser. Herman Melville, escritor norte-americano do s\u00e9culo XIX, autor do c\u00e9lebre \u201cMoby Dick\u201d, foi quem deu o t\u00edtulo a Lima da cidade mais triste do mundo. Um escritor peruano, Sebasti\u00e1n Salazar Bondy, chegou a piorar a fama quando chamou, na d\u00e9cada de 1960, sua capital de \u201ca horr\u00edvel\u201d. Os autores do Guia \u201cinsid guides\u201d afirmam que essa fama n\u00e3o coincide com a realidade da quatrocentona: \u201cLima tem um esplendor colonial decadente e a vitalidade de um bazar oriental; invernos tristes e enevoados e ver\u00f5es quentes e arejados; expans\u00e3o urbana descontrolada e empobrecida e recantos calmos e elegantes entre edif\u00edcios antigos onde o ar da noite \u00e9 perfumado pelo jasmim\u201d.<\/p>\n<p>Santa Rosa<\/p>\n<p>A capital do Peru tamb\u00e9m se destaca por ser a terra da padroeira da primeira santa canonizada da Am\u00e9rica do Sul: Santa Rosa. Seus muitos bi\u00f3grafos (existem cerca de 400 hagiografias publicadas), dizem que tr\u00eas meses ap\u00f3s o nascimento, seu ber\u00e7o teria sido cercado por rosas. O wikipedia italiano resume assim a sua vida: \u201cAos vinte anos, usava o h\u00e1bito das Irm\u00e3s da Terceira Ordem dos Pregadores. Na casa materna localizada no centro de Lima, ela recebeu uma sala para ajudar os necessitados, especialmente de origem ind\u00edgena. Em 1614, mudou-se em casa do nobre Maria de Ezategui, onde morreu tr\u00eas anos mais tarde, aos trinta e um anos de idade, em 24 de Agosto, 1617, consumido pela penit\u00eancia, oferecida pela salva\u00e7\u00e3o dos pecadores e pela convers\u00e3o dos povos ind\u00edgenas. Seu corpo \u00e9 mantido em Lima na Bas\u00edlica Dominicana do Santo Ros\u00e1rio\u201d.<\/p>\n<p>Visita do Papa<\/p>\n<p>Apesar de chegar no dia do anivers\u00e1rio da capital, Papa Francisco far\u00e1 um \u201cbate-volta\u201d em v\u00e1rias cidades peruanas e deve encerrar a visita com uma missa campal em Lima, no domigo, 21 de janeiro, na base a\u00e9rea \u201clas Palmas\u201d. Ele chega do Chile no final da tarde e para o dia 18 s\u00f3 est\u00e1 prevista uma cerim\u00f4nia de boas-vindas.<\/p>\n<p>Puerto Maldonado<\/p>\n<p>Na sexta-feira, logo cedo, o Papa toma avi\u00e3o para ir a Puerto Maldonado. Talvez seja este o lugar onde ocorra a oportunidade de muitos brasileiros participarem da visita uma vez que a cidade onado fica distante apenas um pouco mais de 500 quil\u00f4metros de Rio Branco, no Acre e tem estrada de acesso.\u00a0 Nesta cidade ele tem, segundo programa oficial, dois encontros com representantes dos povos da Amaz\u00f4nia. O Papa volta ainda a tarde para Lima onde encontra com autoridades, com o Corpo Diplom\u00e1tico e com os Jesu\u00edtas.<\/p>\n<p>Trujillo<\/p>\n<p>Quase o mesmo roteiro de sexta-feira ser\u00e1 seguido no s\u00e1bado, s\u00f3 que desta vez o Papa deixa Lima para ir \u00e0 cidade Trujillo, onde, as 10 da manh\u00e3, vai celebrar a Eucaristia na esplanada litor\u00e2nea de Huanchaco. E depois de uma breve visita \u00e0 Catedral, o Papa ter\u00e1 um importante encontro com Sacerdotes, Religiosos, Religiosas e Seminaristas das Circunscri\u00e7\u00f5es Eclesi\u00e1sticas do Norte do Peru. O v\u00f4o de volta para Lima est\u00e1 marcado para decolar \u00e0s 18h15 e com previs\u00e3o de chegar \u00e0 capital uma hora e meia mais tarde.<\/p>\n<p>Lima<\/p>\n<p>Finalmente, no domingo, a aniversariante capital peruana ter\u00e1 o dia inteiro dedicado a ela pelo Papa Francisco. Logo no in\u00edcio da manh\u00e3, ele reza a Ora\u00e7\u00e3o da Hora M\u00e9dia as Religiosas de vida contemplativa no Santu\u00e1rio do Senhor dos Milagres e, em seguida, tamb\u00e9m reza junto \u00e0s Rel\u00edquias dos Santos peruanos na Catedral de Lima. Depois disso, o Papa vai se encontrar com os bispos na casa do arcebispo de Lima e, ao meio dia, reza o \u201cAngelus\u201d na Pra\u00e7a das Armas.<\/p>\n<p>De tarde, depois do almo\u00e7o na Nunciatura Apost\u00f3lica, o Papa vai para a grande \u00e1rea da base a\u00e9rea da cidade onde vai celebrar a missa de despedida dos peruanos. A 22\u00aa Viagem Apost\u00f3lica do Papa Francisco estar\u00e1 encerrada depois dessa missa e ele toma o avi\u00e3o para Roma com previs\u00e3o de chegada ao aeroporto Ciampino, na capital da It\u00e1lia, no come\u00e7o da tarde, hora local.<\/p>\n<p>&nbsp;<\/p>\n<p>Fonte: CNBB<\/p>\n","protected":false},"excerpt":{"rendered":"<p>No final da tarde desta quinta-feira, 18 de janeiro, quando a popula\u00e7\u00e3o recebe o Papa Francisco para uma r\u00e1pida visita ao Peru, a capital do Pa\u00eds, Lima, celebra seu anivers\u00e1rio de 483 anos. Fundada pelo espanhol Francisco Pizzarro, em 1535, quase um ter\u00e7o dos peruanos moram na capital que conta com mais de 9 milh\u00f5es [&hellip;]<\/p>\n","protected":false},"author":1,"featured_media":37481,"comment_status":"open","ping_status":"closed","sticky":false,"template":"","format":"standard","meta":{"footnotes":""},"categories":[7],"tags":[],"class_list":["post-37480","post","type-post","status-publish","format-standard","has-post-thumbnail","hentry","category-cnbb"],"_links":{"self":[{"href":"https:\/\/catolicanet.net\/wp-cnet\/wp-json\/wp\/v2\/posts\/37480","targetHints":{"allow":["GET"]}}],"collection":[{"href":"https:\/\/catolicanet.net\/wp-cnet\/wp-json\/wp\/v2\/posts"}],"about":[{"href":"https:\/\/catolicanet.net\/wp-cnet\/wp-json\/wp\/v2\/types\/post"}],"author":[{"embeddable":true,"href":"https:\/\/catolicanet.net\/wp-cnet\/wp-json\/wp\/v2\/users\/1"}],"replies":[{"embeddable":true,"href":"https:\/\/catolicanet.net\/wp-cnet\/wp-json\/wp\/v2\/comments?post=37480"}],"version-history":[{"count":1,"href":"https:\/\/catolicanet.net\/wp-cnet\/wp-json\/wp\/v2\/posts\/37480\/revisions"}],"predecessor-version":[{"id":37482,"href":"https:\/\/catolicanet.net\/wp-cnet\/wp-json\/wp\/v2\/posts\/37480\/revisions\/37482"}],"wp:featuredmedia":[{"embeddable":true,"href":"https:\/\/catolicanet.net\/wp-cnet\/wp-json\/wp\/v2\/media\/37481"}],"wp:attachment":[{"href":"https:\/\/catolicanet.net\/wp-cnet\/wp-json\/wp\/v2\/media?parent=37480"}],"wp:term":[{"taxonomy":"category","embeddable":true,"href":"https:\/\/catolicanet.net\/wp-cnet\/wp-json\/wp\/v2\/categories?post=37480"},{"taxonomy":"post_tag","embeddable":true,"href":"https:\/\/catolicanet.net\/wp-cnet\/wp-json\/wp\/v2\/tags?post=37480"}],"curies":[{"name":"wp","href":"https:\/\/api.w.org\/{rel}","templated":true}]}}