{"id":3748,"date":"2013-12-18T18:01:49","date_gmt":"2013-12-18T20:01:49","guid":{"rendered":"http:\/\/catolicanet.net\/wp-cnet\/semana-do-jovem-lider-sera-realizada-em-manaus\/"},"modified":"2017-03-24T14:47:24","modified_gmt":"2017-03-24T17:47:24","slug":"semana-do-jovem-lider-sera-realizada-em-manaus","status":"publish","type":"post","link":"https:\/\/catolicanet.net\/wp-cnet\/semana-do-jovem-lider-sera-realizada-em-manaus\/","title":{"rendered":"Semana do Jovem L\u00edder ser\u00e1 realizada em Manaus"},"content":{"rendered":"<p style=\"text-align: justify;\"><img loading=\"lazy\" decoding=\"async\" src=\"http:\/\/www.catolicanet.com.br\/images\/stories\/jovensmanaus.jpg\" border=\"0\" width=\"230\" height=\"172\" align=\"left\" \/>A arquidiocese de Manaus (AM) promover\u00e1 a IV Semana do Jovem L\u00edder, no per\u00edodo de 06 a 10 de janeiro de 2014, na Faculdade Metropolitana de Manaus &#8211; Fametro. O evento destina-se a lideran\u00e7as da Pastoral da Juventude.<\/p>\n<p>O objetivo \u00e9 apresentar o processo de educa\u00e7\u00e3o na f\u00e9, estimular a forma\u00e7\u00e3o continuada e despertar lideran\u00e7as, visando formar e capacitar &#8220;Jovens l\u00edderes no Seguimento de Jesus Cristo&#8221;.<\/p>\n<p>Na \u00faltima noite do encontro, os jovens poder\u00e3o, ainda, participar de uma Noite Cultural com uma grande celebra\u00e7\u00e3o de encerramento.<\/p>\n<p>Os interessados devem se inscrever at\u00e9 o dia 22 de dezembro. Informa\u00e7\u00f5es:\u00a0\u00a0 pastoraljuventude@arquidiocesedemanaus.org.br ou pelo telefone (92) 3212-9038.<\/p>\n<p style=\"text-align: justify;\">\u00a0<\/p>\n<p style=\"text-align: justify;\"><strong>Local: Manaus (AM)<br \/>Fonte: CNBB<\/strong><\/p>\n","protected":false},"excerpt":{"rendered":"<p>A arquidiocese de Manaus (AM) promover\u00e1 a IV Semana do Jovem L\u00edder, no per\u00edodo de 06 a 10 de janeiro de 2014, na Faculdade Metropolitana de Manaus &#8211; Fametro. O evento destina-se a lideran\u00e7as da Pastoral da Juventude. O objetivo \u00e9 apresentar o processo de educa\u00e7\u00e3o na f\u00e9, estimular a forma\u00e7\u00e3o continuada e despertar lideran\u00e7as, [&hellip;]<\/p>\n","protected":false},"author":1,"featured_media":3747,"comment_status":"closed","ping_status":"closed","sticky":false,"template":"","format":"standard","meta":{"footnotes":""},"categories":[7],"tags":[],"class_list":["post-3748","post","type-post","status-publish","format-standard","has-post-thumbnail","hentry","category-cnbb"],"_links":{"self":[{"href":"https:\/\/catolicanet.net\/wp-cnet\/wp-json\/wp\/v2\/posts\/3748","targetHints":{"allow":["GET"]}}],"collection":[{"href":"https:\/\/catolicanet.net\/wp-cnet\/wp-json\/wp\/v2\/posts"}],"about":[{"href":"https:\/\/catolicanet.net\/wp-cnet\/wp-json\/wp\/v2\/types\/post"}],"author":[{"embeddable":true,"href":"https:\/\/catolicanet.net\/wp-cnet\/wp-json\/wp\/v2\/users\/1"}],"replies":[{"embeddable":true,"href":"https:\/\/catolicanet.net\/wp-cnet\/wp-json\/wp\/v2\/comments?post=3748"}],"version-history":[{"count":1,"href":"https:\/\/catolicanet.net\/wp-cnet\/wp-json\/wp\/v2\/posts\/3748\/revisions"}],"predecessor-version":[{"id":8035,"href":"https:\/\/catolicanet.net\/wp-cnet\/wp-json\/wp\/v2\/posts\/3748\/revisions\/8035"}],"wp:featuredmedia":[{"embeddable":true,"href":"https:\/\/catolicanet.net\/wp-cnet\/wp-json\/wp\/v2\/media\/3747"}],"wp:attachment":[{"href":"https:\/\/catolicanet.net\/wp-cnet\/wp-json\/wp\/v2\/media?parent=3748"}],"wp:term":[{"taxonomy":"category","embeddable":true,"href":"https:\/\/catolicanet.net\/wp-cnet\/wp-json\/wp\/v2\/categories?post=3748"},{"taxonomy":"post_tag","embeddable":true,"href":"https:\/\/catolicanet.net\/wp-cnet\/wp-json\/wp\/v2\/tags?post=3748"}],"curies":[{"name":"wp","href":"https:\/\/api.w.org\/{rel}","templated":true}]}}