{"id":37474,"date":"2018-01-17T07:31:41","date_gmt":"2018-01-17T09:31:41","guid":{"rendered":"http:\/\/catolicanet.net\/wp-cnet\/?p=37474"},"modified":"2018-01-31T13:37:24","modified_gmt":"2018-01-31T15:37:24","slug":"dom-luciano-mendes-de-almeida-reconhece-trabalhos-que-tenham-novas-formas-de-expressao","status":"publish","type":"post","link":"https:\/\/catolicanet.net\/wp-cnet\/dom-luciano-mendes-de-almeida-reconhece-trabalhos-que-tenham-novas-formas-de-expressao\/","title":{"rendered":"\u201cDom Luciano Mendes de Almeida\u201d reconhece trabalhos que tenham novas formas de express\u00e3o"},"content":{"rendered":"<p>Criado em 2016, o pr\u00eamio para a internet \u201cDom Luciano Mendes de Almeida\u201d representa um passo importante da entidade no acompanhamento das novas formas de express\u00e3o e das redes sociais. Destacando as iniciativas e os mecanismos pr\u00f3prios da internet que revelam instrumentos para evidenciar valores humanos e \u00e9ticos, o pr\u00eamio \u00e9 uma homenagem a dom Luciano Mendes de Almeida, ex-secret\u00e1rio e presidente da Confer\u00eancia, falecido h\u00e1 12 anos.<\/p>\n<p><img loading=\"lazy\" decoding=\"async\" class=\"alignright\" src=\"http:\/\/cnbb.net.br\/wp-content\/uploads\/sites\/32\/2018\/01\/Rinaldo-5-e1491494012721.jpg\" width=\"200\" height=\"133\" border=\"0\" \/>Portal \u201cS\u00f3 Not\u00edcia Boa\u201d foi um dos vencedores do pr\u00eamio em 2017<\/p>\n<p>Envolvendo tr\u00eas categorias: portais, sites e blogs; iniciativas nas redes sociais e aplicativos para celular, a premia\u00e7\u00e3o \u00e9 um instrumento de reconhecimento para trabalhos que s\u00e3o realizados com base na rede mundial de computadores com particulares acentos no uso das novas tecnologias e da nova percep\u00e7\u00e3o ambiental da comunica\u00e7\u00e3o.<\/p>\n<p>Conforme j\u00e1 explicado pelo padre Rafael Vieira, assessor de imprensa da CNBB, o pr\u00eamio \u201cDom Luciano Mendes de Almeida\u201d \u00e9 uma resposta do episcopado frente ao fen\u00f4meno da rede mundial de computadores e fecha um ciclo, de grandes homenagens da CNBB \u00e0s m\u00eddias antigas e novas.<\/p>\n<p>Para a premia\u00e7\u00e3o, que est\u00e1 com inscri\u00e7\u00f5es abertas at\u00e9 o dia 31 de janeiro, poder\u00e3o participar trabalhos que demonstrarem em sua concep\u00e7\u00e3o e realiza\u00e7\u00e3o, tra\u00e7os de inova\u00e7\u00e3o e criatividade tanto no \u00e2mbito da Igreja como no da sociedade em geral. Na categoria sites\/portais e blogs, por exemplo, qualquer p\u00e1gina de hipertexto com informa\u00e7\u00f5es em gr\u00e1ficos ou multim\u00eddia poder\u00e1 se candidatar.<\/p>\n<p>J\u00e1 na categoria das iniciativas com redes sociais, todos os projetos lan\u00e7ados nas redes sociais para criar la\u00e7os entre pessoas em vista da apresenta\u00e7\u00e3o, defesa e engajamento em uma causa religiosa ou social poder\u00e3o concorrer a premia\u00e7\u00e3o. Por \u00faltimo, na categoria dos aplicativos todos os softwares desenvolvidos para ser instalado em um dispositivo eletr\u00f4nico m\u00f3vel poder\u00e3o disputar o pr\u00eamio.<\/p>\n<p>A sele\u00e7\u00e3o \u2013 Todos os inscritos e indicados ao pr\u00eamio \u201cDom Luciano Mendes de Almeida\u201d s\u00e3o apresentados a um grupo especial de sele\u00e7\u00e3o, neste caso constitu\u00eddo por professores da \u00e1rea tecnol\u00f3gica da Universidade Cat\u00f3lica de Salvador (BA). Posteriormente, os trabalhos s\u00e3o analisados por um j\u00fari constitu\u00eddo de 5 bispos que realizam a sele\u00e7\u00e3o final dos trabalhos e atribui os ganhadores.<\/p>\n<p>Ano passado, os vencedores da categoria \u201cPortal, sites e blogs\u201d foram o \u201cPortal a12.com\u201d, \u201cS\u00f3 Not\u00edcia Boa\u201d e \u201cRetratos da escravid\u00e3o\u201d. Na categoria \u201cIniciativas em Redes Sociais\u201d os vencedores foram \u201cSP Invis\u00edvel\u201d, \u201cConectados\u201d e Bsb Buraco\u201d. J\u00e1 os aplicativos foram \u201cRenascidos em Pentecostes\u201d, \u201cLouvemos o Senhor\u201d e \u201cSenhor do Bonfim\u201d.<\/p>\n<p>&nbsp;<\/p>\n<p>Fonte: CNBB<\/p>\n","protected":false},"excerpt":{"rendered":"<p>Criado em 2016, o pr\u00eamio para a internet \u201cDom Luciano Mendes de Almeida\u201d representa um passo importante da entidade no acompanhamento das novas formas de express\u00e3o e das redes sociais. Destacando as iniciativas e os mecanismos pr\u00f3prios da internet que revelam instrumentos para evidenciar valores humanos e \u00e9ticos, o pr\u00eamio \u00e9 uma homenagem a dom [&hellip;]<\/p>\n","protected":false},"author":1,"featured_media":37475,"comment_status":"open","ping_status":"closed","sticky":false,"template":"","format":"standard","meta":{"footnotes":""},"categories":[7],"tags":[],"class_list":["post-37474","post","type-post","status-publish","format-standard","has-post-thumbnail","hentry","category-cnbb"],"_links":{"self":[{"href":"https:\/\/catolicanet.net\/wp-cnet\/wp-json\/wp\/v2\/posts\/37474","targetHints":{"allow":["GET"]}}],"collection":[{"href":"https:\/\/catolicanet.net\/wp-cnet\/wp-json\/wp\/v2\/posts"}],"about":[{"href":"https:\/\/catolicanet.net\/wp-cnet\/wp-json\/wp\/v2\/types\/post"}],"author":[{"embeddable":true,"href":"https:\/\/catolicanet.net\/wp-cnet\/wp-json\/wp\/v2\/users\/1"}],"replies":[{"embeddable":true,"href":"https:\/\/catolicanet.net\/wp-cnet\/wp-json\/wp\/v2\/comments?post=37474"}],"version-history":[{"count":1,"href":"https:\/\/catolicanet.net\/wp-cnet\/wp-json\/wp\/v2\/posts\/37474\/revisions"}],"predecessor-version":[{"id":37476,"href":"https:\/\/catolicanet.net\/wp-cnet\/wp-json\/wp\/v2\/posts\/37474\/revisions\/37476"}],"wp:featuredmedia":[{"embeddable":true,"href":"https:\/\/catolicanet.net\/wp-cnet\/wp-json\/wp\/v2\/media\/37475"}],"wp:attachment":[{"href":"https:\/\/catolicanet.net\/wp-cnet\/wp-json\/wp\/v2\/media?parent=37474"}],"wp:term":[{"taxonomy":"category","embeddable":true,"href":"https:\/\/catolicanet.net\/wp-cnet\/wp-json\/wp\/v2\/categories?post=37474"},{"taxonomy":"post_tag","embeddable":true,"href":"https:\/\/catolicanet.net\/wp-cnet\/wp-json\/wp\/v2\/tags?post=37474"}],"curies":[{"name":"wp","href":"https:\/\/api.w.org\/{rel}","templated":true}]}}