{"id":37468,"date":"2018-01-17T07:27:50","date_gmt":"2018-01-17T09:27:50","guid":{"rendered":"http:\/\/catolicanet.net\/wp-cnet\/?p=37468"},"modified":"2018-01-31T13:23:13","modified_gmt":"2018-01-31T15:23:13","slug":"unicef-inicio-de-ano-sangrento-para-criancas-na-siria","status":"publish","type":"post","link":"https:\/\/catolicanet.net\/wp-cnet\/unicef-inicio-de-ano-sangrento-para-criancas-na-siria\/","title":{"rendered":"Unicef: in\u00edcio de ano sangrento para crian\u00e7as na S\u00edria"},"content":{"rendered":"<p>\u201c\u00c9 vergonhoso que ap\u00f3s quase sete anos de conflito, tenha continuidade uma guerra contra as crian\u00e7as, enquanto o mundo apenas olha&#8221;, afirma a organiza\u00e7\u00e3o em um comunicado.<\/p>\n<p>Cidade do Vaticano<\/p>\n<p>\u201cCom o in\u00edcio do ano novo, no mundo, a maior parte dos pais est\u00e3o cheios de esperan\u00e7a em rela\u00e7\u00e3o ao futuro dos pr\u00f3prios filhos; as m\u00e3es e os pais na S\u00edria, pelo contr\u00e1rio, est\u00e3o de luto pelas crian\u00e7as que perderam a vida\u201d, diz um comunicado do Unicef.<\/p>\n<p>\u201c\u00c9 chocando que nos primeiros 14 dias do ano, mais de 30 crian\u00e7as tenham sido mortas em uma escalada de viol\u00eancia na regi\u00e3o oriental de Ghouta, onde se estima que 200 mil crian\u00e7as est\u00e3o sitiadas desde 2013.<\/p>\n<p>Em Idlib, nordeste do pa\u00eds, fala-se de graves viol\u00eancias ocorridas nas \u00faltimas semanas, que resultaram na morte e no ferimentos de dezenas de crian\u00e7as e mulheres e obrigando a fuga de 100 mil civis.<\/p>\n<p>\u201c\u00c9 vergonhoso \u2013 diz o comunicado \u2013 que ap\u00f3s quase sete anos de conflito, tenha continuidade uma guerra contra as crian\u00e7as, enquanto o mundo apenas olha. Milh\u00f5es de crian\u00e7as em toda a S\u00edria e nos pa\u00edses pr\u00f3ximos sofreram as consequ\u00eancias devastadoras do n\u00edvel de viol\u00eancias ininterruptas em diversas partes do pa\u00eds\u201d.<\/p>\n<p>O Unicef recebeu informa\u00e7\u00f5es vindas da parte oriental de Ghouta, de que a maior parte dos centros sanit\u00e1rios tiveram que fechar por causa da viol\u00eancia.<\/p>\n<p>Em algumas \u00e1reas, as cl\u00ednicas m\u00f3veis de emerg\u00eancia s\u00e3o o \u00fanico modo para as fam\u00edlias receberem assist\u00eancia e cuidados m\u00e9dicos.<\/p>\n<p>Em Idlib, o hospital materno-infantil e pedi\u00e1trico de Ma\u2019arrat Na Nu\u2019man foi atacado tr\u00eas vezes,\u00a0 tornando-o n\u00e3o operativo, e ao menos um paciente e dois m\u00e9dicos foram mortos.<\/p>\n<p>As escolas foram fechadas tamb\u00e9m nos arredores de Ghouta, justamente no momento em que as crian\u00e7as de outras cidades s\u00edrias est\u00e3o fazendo exames.<\/p>\n<p>Mesmo diante das dificuldades, o Unicef reitera que continuar\u00e1 a fornecer assist\u00eancia humanit\u00e1ria essencial para a sobreviv\u00eancia e o bem-estar mental das crian\u00e7as em toda a S\u00edria.<\/p>\n<p>Para as crian\u00e7as mais vulner\u00e1veis nas \u00e1reas cercadas e dif\u00edceis de serem alcan\u00e7adas, a organiza\u00e7\u00e3o reiterou o prop\u00f3sito de buscar fazer mais.<\/p>\n<p>&nbsp;<\/p>\n<p>Fonte: R\u00e1dio Vaticano<\/p>\n","protected":false},"excerpt":{"rendered":"<p>\u201c\u00c9 vergonhoso que ap\u00f3s quase sete anos de conflito, tenha continuidade uma guerra contra as crian\u00e7as, enquanto o mundo apenas olha&#8221;, afirma a organiza\u00e7\u00e3o em um comunicado. Cidade do Vaticano \u201cCom o in\u00edcio do ano novo, no mundo, a maior parte dos pais est\u00e3o cheios de esperan\u00e7a em rela\u00e7\u00e3o ao futuro dos pr\u00f3prios filhos; as [&hellip;]<\/p>\n","protected":false},"author":1,"featured_media":37469,"comment_status":"open","ping_status":"closed","sticky":false,"template":"","format":"standard","meta":{"footnotes":""},"categories":[3],"tags":[],"class_list":["post-37468","post","type-post","status-publish","format-standard","has-post-thumbnail","hentry","category-vaticano"],"_links":{"self":[{"href":"https:\/\/catolicanet.net\/wp-cnet\/wp-json\/wp\/v2\/posts\/37468","targetHints":{"allow":["GET"]}}],"collection":[{"href":"https:\/\/catolicanet.net\/wp-cnet\/wp-json\/wp\/v2\/posts"}],"about":[{"href":"https:\/\/catolicanet.net\/wp-cnet\/wp-json\/wp\/v2\/types\/post"}],"author":[{"embeddable":true,"href":"https:\/\/catolicanet.net\/wp-cnet\/wp-json\/wp\/v2\/users\/1"}],"replies":[{"embeddable":true,"href":"https:\/\/catolicanet.net\/wp-cnet\/wp-json\/wp\/v2\/comments?post=37468"}],"version-history":[{"count":1,"href":"https:\/\/catolicanet.net\/wp-cnet\/wp-json\/wp\/v2\/posts\/37468\/revisions"}],"predecessor-version":[{"id":37470,"href":"https:\/\/catolicanet.net\/wp-cnet\/wp-json\/wp\/v2\/posts\/37468\/revisions\/37470"}],"wp:featuredmedia":[{"embeddable":true,"href":"https:\/\/catolicanet.net\/wp-cnet\/wp-json\/wp\/v2\/media\/37469"}],"wp:attachment":[{"href":"https:\/\/catolicanet.net\/wp-cnet\/wp-json\/wp\/v2\/media?parent=37468"}],"wp:term":[{"taxonomy":"category","embeddable":true,"href":"https:\/\/catolicanet.net\/wp-cnet\/wp-json\/wp\/v2\/categories?post=37468"},{"taxonomy":"post_tag","embeddable":true,"href":"https:\/\/catolicanet.net\/wp-cnet\/wp-json\/wp\/v2\/tags?post=37468"}],"curies":[{"name":"wp","href":"https:\/\/api.w.org\/{rel}","templated":true}]}}