{"id":37462,"date":"2018-01-17T07:19:21","date_gmt":"2018-01-17T09:19:21","guid":{"rendered":"http:\/\/catolicanet.net\/wp-cnet\/?p=37462"},"modified":"2018-01-31T13:15:41","modified_gmt":"2018-01-31T15:15:41","slug":"francisco-visita-temuco-e-encontra-povo-mapuche","status":"publish","type":"post","link":"https:\/\/catolicanet.net\/wp-cnet\/francisco-visita-temuco-e-encontra-povo-mapuche\/","title":{"rendered":"Francisco visita Temuco e encontra povo Mapuche"},"content":{"rendered":"<p>O Papa vai celebrar a Santa Missa no aeroporto de Maquehue.<\/p>\n<p>Cidade do Vaticano<\/p>\n<p>No segundo dia de seu intenso calend\u00e1rio de atividades no Chile, o Papa Francisco se transfere nesta quarta-feira da capital Santiago para Temuco, no sul do pa\u00eds, onde encontra os povos ind\u00edgenas Mapuche, &#8211;\u00a0 que h\u00e1 tempo\u00a0 &#8211; reivindicam um maior reconhecimento de sua cultura e de seus direitos.<\/p>\n<p>O Papa vai celebrar a Santa Missa no aeroporto de Maquehue, com a presen\u00e7a de uma ampla representa\u00e7\u00e3o de grupos \u00e9tnicos ind\u00edgenas. \u00c0s 12.45, hora local, na casa \u201cM\u00e3e da Santa Cruz\u201d, almo\u00e7ar\u00e1 com 11 habitantes da regi\u00e3o da Araucan\u00eda, entre os quais oito membros do povo mapuche.<\/p>\n<p>\u00c0s 15h30 locais, Francisco retornar\u00e1 de avi\u00e3o para Santiago, onde chegar\u00e1 uma hora e meia depois, e onde \u00e0s 17h30 est\u00e1 previsto o encontro com os jovens no Santu\u00e1rio de Maipu. Enfim, o Papa far\u00e1 uma visita \u00e0 Pontif\u00edcia Universidade Cat\u00f3lica do Chile, prevista para as 19:00 horas locais.<\/p>\n<p>Fonte: R\u00e1dio Vaticano<\/p>\n","protected":false},"excerpt":{"rendered":"<p>O Papa vai celebrar a Santa Missa no aeroporto de Maquehue. Cidade do Vaticano No segundo dia de seu intenso calend\u00e1rio de atividades no Chile, o Papa Francisco se transfere nesta quarta-feira da capital Santiago para Temuco, no sul do pa\u00eds, onde encontra os povos ind\u00edgenas Mapuche, &#8211;\u00a0 que h\u00e1 tempo\u00a0 &#8211; reivindicam um maior [&hellip;]<\/p>\n","protected":false},"author":1,"featured_media":37463,"comment_status":"open","ping_status":"closed","sticky":false,"template":"","format":"standard","meta":{"footnotes":""},"categories":[3],"tags":[],"class_list":["post-37462","post","type-post","status-publish","format-standard","has-post-thumbnail","hentry","category-vaticano"],"_links":{"self":[{"href":"https:\/\/catolicanet.net\/wp-cnet\/wp-json\/wp\/v2\/posts\/37462","targetHints":{"allow":["GET"]}}],"collection":[{"href":"https:\/\/catolicanet.net\/wp-cnet\/wp-json\/wp\/v2\/posts"}],"about":[{"href":"https:\/\/catolicanet.net\/wp-cnet\/wp-json\/wp\/v2\/types\/post"}],"author":[{"embeddable":true,"href":"https:\/\/catolicanet.net\/wp-cnet\/wp-json\/wp\/v2\/users\/1"}],"replies":[{"embeddable":true,"href":"https:\/\/catolicanet.net\/wp-cnet\/wp-json\/wp\/v2\/comments?post=37462"}],"version-history":[{"count":1,"href":"https:\/\/catolicanet.net\/wp-cnet\/wp-json\/wp\/v2\/posts\/37462\/revisions"}],"predecessor-version":[{"id":37464,"href":"https:\/\/catolicanet.net\/wp-cnet\/wp-json\/wp\/v2\/posts\/37462\/revisions\/37464"}],"wp:featuredmedia":[{"embeddable":true,"href":"https:\/\/catolicanet.net\/wp-cnet\/wp-json\/wp\/v2\/media\/37463"}],"wp:attachment":[{"href":"https:\/\/catolicanet.net\/wp-cnet\/wp-json\/wp\/v2\/media?parent=37462"}],"wp:term":[{"taxonomy":"category","embeddable":true,"href":"https:\/\/catolicanet.net\/wp-cnet\/wp-json\/wp\/v2\/categories?post=37462"},{"taxonomy":"post_tag","embeddable":true,"href":"https:\/\/catolicanet.net\/wp-cnet\/wp-json\/wp\/v2\/tags?post=37462"}],"curies":[{"name":"wp","href":"https:\/\/api.w.org\/{rel}","templated":true}]}}