{"id":37459,"date":"2018-01-16T14:34:41","date_gmt":"2018-01-16T16:34:41","guid":{"rendered":"http:\/\/catolicanet.net\/wp-cnet\/?p=37459"},"modified":"2018-01-31T13:12:28","modified_gmt":"2018-01-31T15:12:28","slug":"este-e-o-percurso-das-imagens-que-acompanharao-a-missa-papal-no-norte-do-chile","status":"publish","type":"post","link":"https:\/\/catolicanet.net\/wp-cnet\/este-e-o-percurso-das-imagens-que-acompanharao-a-missa-papal-no-norte-do-chile\/","title":{"rendered":"Este \u00e9 o percurso das imagens que acompanhar\u00e3o a Missa papal no norte do Chile"},"content":{"rendered":"<p>SANTIAGO, 16 Jan. 18 \/ 02:00 pm (ACI).- Em 17 de janeiro come\u00e7ar\u00e1 a peregrina\u00e7\u00e3o das imagens de Nossa Senhora do Carmo de La Tirana, S\u00e3o Jos\u00e9 e S\u00e3o Louren\u00e7o de Tarapac\u00e1, de seus santu\u00e1rios no norte do Chile at\u00e9 a cidade de Iquique, para acompanhar a Missa que ser\u00e1 presidida pelo Papa Francisco no dia seguinte.<\/p>\n<p>Tanto S\u00e3o Louren\u00e7o de Tarapac\u00e1 quanto Nossa Senhora do Carmo \u2013 localizados a 100 e 75 quil\u00f4metros de Iquique \u2013 s\u00e3o dois santu\u00e1rios que re\u00fanem milhares de peregrinos durante suas celebra\u00e7\u00f5es nos dias 10 de agosto e 16 de julho, respectivamente.<\/p>\n<p>Esta ser\u00e1 a \u00faltima Missa que Francisco celebrar\u00e1 no pa\u00eds, na qual tamb\u00e9m coroar\u00e1 a imagem de Nossa Senhora do Carmo de La Tirana como Rainha e M\u00e3e do Chile.<\/p>\n<p>Em 1987, S\u00e3o Jo\u00e3o Paulo II coroou com o mesmo t\u00edtulo a imagem da Virgem do Carmo que est\u00e1 no Santu\u00e1rio Nacional de Maip\u00fa.<\/p>\n<p>Para que isso seja poss\u00edvel, as imagens devem sair de seus santu\u00e1rios e as respectivas comunidades e federa\u00e7\u00f5es de dan\u00e7as religiosas prepararam um itiner\u00e1rio que come\u00e7ar\u00e1 na quarta-feira, 17.<\/p>\n<p>A retirada da imagem da Virgem do Carmo, junto com a de S\u00e3o Jos\u00e9, est\u00e1 prevista para \u00e0s 9h (hora local) e est\u00e1 a cargo da Comunidade Cust\u00f3dia do Santu\u00e1rio e da Federa\u00e7\u00e3o de Dan\u00e7as Religiosas de La Tirana.<\/p>\n<p>Ao chegar a Iquique, o ve\u00edculo que levar\u00e1 a imagem da Virgem passar\u00e1 pela rotat\u00f3ria de El Pampino, pelas ruas O&#8217;Higgins, Arturo Fern\u00e1ndez, Sotomayor e Amun\u00e1tegui. Calcula-se que chegar\u00e1 ao meio dia na par\u00f3quia do Perp\u00e9tuo Socorro, lugar representativo e hist\u00f3rico para as dan\u00e7as religiosas.<\/p>\n<p>Em El Colorado, zona norte de Iquique, ser\u00e1 organizado um altar e as associa\u00e7\u00f5es saudar\u00e3o a Virgem do Carmo de La Tirana por turnos at\u00e9 \u00e0s 21h.<\/p>\n<p>Em seguida, as imagens de S\u00e3o Jos\u00e9 e da Virgem ser\u00e3o guardadas at\u00e9 a manh\u00e3 do dia 18 e levadas \u00e0 Praia Lobito, onde ser\u00e1 celebrada a Missa com o Papa.<\/p>\n<p>Depois da Eucaristia, as imagens de S\u00e3o Jos\u00e9 e da Virgem de La Tirana, coroada como Rainha e M\u00e3e do Chile, retornar\u00e3o \u00e0 cidade de La Tirana onde ser\u00e1 realizada uma cerim\u00f4nia de entroniza\u00e7\u00e3o ao Santu\u00e1rio.<\/p>\n<p>Esta \u00e9 a segunda vez que a \u201cChinita\u201d (como \u00e9 chamada pelos chilenos) deixa o seu santu\u00e1rio para visitar Iquique. A primeira ocasi\u00e3o foi durante a prepara\u00e7\u00e3o do jubileu do ano 2000.<\/p>\n<p>Juan Pablo Maturana, presidente da Federa\u00e7\u00e3o das Dan\u00e7as Religiosas de La Tirana, convidou os fi\u00e9is a participar deste evento saudando a \u201cChinita del Carmelo\u201d que ser\u00e1 coroada pelo Papa Francisco como um \u201creconhecimento da f\u00e9 do povo da regi\u00e3o norte que durante s\u00e9culos caminhou de m\u00e3os dadas com Maria\u201d.<\/p>\n<p>\u201cPara n\u00f3s, \u00e9 uma satisfa\u00e7\u00e3o e um orgulho, porque escutaram o nosso humilde pedido para que o Papa coroasse a nossa M\u00e3e. Fazemos parte da Igreja viva, da Igreja que dan\u00e7a e que mais do que tudo se centra na M\u00e3e do Salvador que fica junto conosco para o an\u00fancio da Boa Nova\u201d, disse ao Grupo ACI.<\/p>\n<p>A imagem de S\u00e3o Louren\u00e7o de Tarapac\u00e1 sair\u00e1 em uma caravana do santu\u00e1rio, em 17 de janeiro, \u00e0s 7h30 (hora local) e passar\u00e1 por Pagua, Huara, Alto Hospicio at\u00e9 chegar a Iquique.<\/p>\n<p>\u00c0s 10h30 a imagem chegar\u00e1 \u00e0 avenida H\u00e9roes de la Concepci\u00f3n (entre as ruas O&#8217;Higgins e Zegers) e ser\u00e1 levada em uma andor \u00e0 par\u00f3quia de Nossa Senhora da Reconcilia\u00e7\u00e3o. Tamb\u00e9m ser\u00e1 instalada uma rel\u00edquia de S\u00e3o Louren\u00e7o, trazida da Espanha h\u00e1 v\u00e1rios anos.<\/p>\n<p>Ao meio dia come\u00e7am as sauda\u00e7\u00f5es das Dan\u00e7as Religiosas de S\u00e3o Louren\u00e7o por turnos at\u00e9 meia-noite. Enquanto isso, os fi\u00e9is tamb\u00e9m poder\u00e3o venerar o santo padroeiro dos mineiros, motoristas e comerciantes.<\/p>\n<p>Estima-se que no dia 18 de janeiro, 1h30, a imagem de S\u00e3o Louren\u00e7o de Tarapac\u00e1 ser\u00e1 levada \u00e0 Praia Lobito e ser\u00e1 entronizada no presbit\u00e9rio.<\/p>\n<p>Em 18 de janeiro, depois da Eucaristia, a imagem voltar\u00e1 para o santu\u00e1rio \u00e0s 19h.<\/p>\n<p>Para Rodrigo Herrera, presidente do Grupo de Dan\u00e7as Religiosas de S\u00e3o Louren\u00e7o de Tarapac\u00e1, esta \u00e9 uma oportunidade para divulgar o fervor religioso que \u201cser\u00e1 vivido da mesma maneira como quando esperam a v\u00e9spera de cada festa, em La Tirana, no dia 16 de julho, e S\u00e3o Louren\u00e7o, em 10 de agosto, assim vamos viver o dia 18 de janeiro\u201d.<\/p>\n<p>&nbsp;<\/p>\n<p>Fonte: Acidigital<\/p>\n","protected":false},"excerpt":{"rendered":"<p>SANTIAGO, 16 Jan. 18 \/ 02:00 pm (ACI).- Em 17 de janeiro come\u00e7ar\u00e1 a peregrina\u00e7\u00e3o das imagens de Nossa Senhora do Carmo de La Tirana, S\u00e3o Jos\u00e9 e S\u00e3o Louren\u00e7o de Tarapac\u00e1, de seus santu\u00e1rios no norte do Chile at\u00e9 a cidade de Iquique, para acompanhar a Missa que ser\u00e1 presidida pelo Papa Francisco no [&hellip;]<\/p>\n","protected":false},"author":1,"featured_media":37460,"comment_status":"open","ping_status":"closed","sticky":false,"template":"","format":"standard","meta":{"footnotes":""},"categories":[4],"tags":[],"class_list":["post-37459","post","type-post","status-publish","format-standard","has-post-thumbnail","hentry","category-cotidiano"],"_links":{"self":[{"href":"https:\/\/catolicanet.net\/wp-cnet\/wp-json\/wp\/v2\/posts\/37459","targetHints":{"allow":["GET"]}}],"collection":[{"href":"https:\/\/catolicanet.net\/wp-cnet\/wp-json\/wp\/v2\/posts"}],"about":[{"href":"https:\/\/catolicanet.net\/wp-cnet\/wp-json\/wp\/v2\/types\/post"}],"author":[{"embeddable":true,"href":"https:\/\/catolicanet.net\/wp-cnet\/wp-json\/wp\/v2\/users\/1"}],"replies":[{"embeddable":true,"href":"https:\/\/catolicanet.net\/wp-cnet\/wp-json\/wp\/v2\/comments?post=37459"}],"version-history":[{"count":1,"href":"https:\/\/catolicanet.net\/wp-cnet\/wp-json\/wp\/v2\/posts\/37459\/revisions"}],"predecessor-version":[{"id":37461,"href":"https:\/\/catolicanet.net\/wp-cnet\/wp-json\/wp\/v2\/posts\/37459\/revisions\/37461"}],"wp:featuredmedia":[{"embeddable":true,"href":"https:\/\/catolicanet.net\/wp-cnet\/wp-json\/wp\/v2\/media\/37460"}],"wp:attachment":[{"href":"https:\/\/catolicanet.net\/wp-cnet\/wp-json\/wp\/v2\/media?parent=37459"}],"wp:term":[{"taxonomy":"category","embeddable":true,"href":"https:\/\/catolicanet.net\/wp-cnet\/wp-json\/wp\/v2\/categories?post=37459"},{"taxonomy":"post_tag","embeddable":true,"href":"https:\/\/catolicanet.net\/wp-cnet\/wp-json\/wp\/v2\/tags?post=37459"}],"curies":[{"name":"wp","href":"https:\/\/api.w.org\/{rel}","templated":true}]}}