{"id":37450,"date":"2018-01-16T13:50:43","date_gmt":"2018-01-16T15:50:43","guid":{"rendered":"http:\/\/catolicanet.net\/wp-cnet\/?p=37450"},"modified":"2018-01-31T11:23:34","modified_gmt":"2018-01-31T13:23:34","slug":"papa-aponta-desafio-apaixonante-aos-chilenos-inclusao","status":"publish","type":"post","link":"https:\/\/catolicanet.net\/wp-cnet\/papa-aponta-desafio-apaixonante-aos-chilenos-inclusao\/","title":{"rendered":"Papa aponta desafio &#8220;apaixonante&#8221; aos chilenos: inclus\u00e3o"},"content":{"rendered":"<p>Francisco pronunciou seu primeiro discurso no Chile, falando \u00e0s autoridades. O Papa tocou temas como democracia, povos nativos e meio ambiente. E pediu perd\u00e3o pelas falhas da Igreja.<\/p>\n<p>Cidade do Vaticano \u2013<\/p>\n<p>O primeiro discurso do Papa Francisco em terras chilenas foi \u00e0s autoridades, \u00e0 sociedade civil e ao corpo diplom\u00e1tico, reunidos no Pal\u00e1cio Presidencial \u201cLa Moneda\u201d.<\/p>\n<p>Depois de ouvir as boas-vindas da presidente Michelle Bachelet, o Pont\u00edfice tomou a palavra para manifestar sua satisfa\u00e7\u00e3o de voltar \u00e0 Am\u00e9rica Latina, come\u00e7ando sua visita nesta \u201camada terra chilena\u201d, onde fez parte de sua forma\u00e7\u00e3o juvenil.<br \/>\nLeia tamb\u00e9m<br \/>\nPapa aponta desafio &#8220;apaixonante&#8221; aos chilenos: inclus\u00e3o<br \/>\n16\/01\/2018<br \/>\nAddThis Sharing Buttons<br \/>\nShare to Facebook<br \/>\nShare to Twitter<br \/>\nShare to Google+<br \/>\nShare to WhatsApp<br \/>\nPapa aponta desafio &#8220;apaixonante&#8221; aos chilenos: inclus\u00e3o<\/p>\n<p>Francisco iniciou seu discurso destacando o desenvolvimento da democracia chilena, que permitiu ao pa\u00eds alcan\u00e7ar nas \u00faltimas d\u00e9cadas um \u201cnot\u00e1vel progresso\u201d. O Papa citou a celebra\u00e7\u00e3o este ano do bicenten\u00e1rio da declara\u00e7\u00e3o de independ\u00eancia, ressaltando que cada gera\u00e7\u00e3o deve fazer suas as lutas e as conquistas das gera\u00e7\u00f5es anteriores e lev\u00e1-las a metas ainda mais altas.<\/p>\n<p>Democracia e inclus\u00e3o<\/p>\n<p>Diante das situa\u00e7\u00f5es de injusti\u00e7a que ainda persistem, Francisco apontou para os chilenos um \u201cdesafio grande e apaixonante\u201d: \u201ccontinuar a trabalhar para que a democracia, o sonho de seus pais, n\u00e3o se limite aos aspetos formais mas seja verdadeiramente um lugar de encontro para todos. Seja um lugar onde todos, sem exce\u00e7\u00e3o, se sintam chamados a construir casa, fam\u00edlia e na\u00e7\u00e3o. Um lugar, uma casa, uma fam\u00edlia chamada Chile\u201d.<\/p>\n<p>A Igreja pede perd\u00e3o<\/p>\n<p>O Papa enalteceu a pluralidade \u00e9tnica, cultural e hist\u00f3rica da na\u00e7\u00e3o, que exige ser protegida de qualquer tentativa feita de parcialidade ou supremacia. Para Francisco, \u00e9 indispens\u00e1vel escutar: os desempregados, os povos nativos, os migrantes, os jovens, os idosos, as crian\u00e7as.<\/p>\n<p>\u201c E aqui n\u00e3o posso deixar de expressar o pesar e a vergonha que sinto perante o dano irrepar\u00e1vel causado \u00e0s crian\u00e7as por ministros da Igreja. Desejo unir-me aos meus irm\u00e3os no episcopado, porque \u00e9 justo pedir perd\u00e3o e apoiar, com todas as for\u00e7as, as v\u00edtimas, ao mesmo tempo que nos devemos empenhar para que isso n\u00e3o volte a repetir-se. \u201d<\/p>\n<p>Casa Comum e povos nativos<\/p>\n<p>Com esta capacidade de escuta, o Papa convidou as autoridades a prestar uma aten\u00e7\u00e3o preferencial \u00e0 nossa Casa Comum: \u201cpromover uma cultura que saiba cuidar da terra, n\u00e3o nos contentando com oferecer respostas pontuais aos graves problemas ecol\u00f3gicos e ambientais que se apresentem\u201d. Francisco pediu a ousadia de um novo estilo de vida, aprendendo com a sabedoria dos povos nativos.<\/p>\n<p>\u201cDeles, podemos aprender que n\u00e3o existe verdadeiro desenvolvimento num povo que volta as costas \u00e0 terra com tudo e todos os que nela se movem. O Chile possui, nas suas ra\u00edzes, uma sabedoria capaz de ajudar a transcender a concep\u00e7\u00e3o meramente consumista da exist\u00eancia para adquirir uma atitude sapiencial em rela\u00e7\u00e3o ao futuro.\u201d<\/p>\n<p>O Pont\u00edfice concluiu seu discurso convidando os chilenos a uma \u201cop\u00e7\u00e3o radical pela vida\u201d: \u201cAgrade\u00e7o mais uma vez o convite que me possibilitou vir encontrar-me com voc\u00eas, com a alma deste povo; e rezo para que a Nossa Senhora do Carmo, M\u00e3e e Rainha do Chile, continue a acompanhar e fazer crescer os sonhos desta aben\u00e7oada na\u00e7\u00e3o\u201d.<\/p>\n<p>&nbsp;<\/p>\n<p><a href=\"http:\/\/media.vaticannews.va\/media\/audio\/s1\/2018\/1\/16\/13\/134232286_F134232286.mp3\">Clique aqui para ouvir o \u00e1udio:<\/a><\/p>\n<p>&nbsp;<\/p>\n<p>Fonte: R\u00e1dio Vaticano<\/p>\n","protected":false},"excerpt":{"rendered":"<p>Francisco pronunciou seu primeiro discurso no Chile, falando \u00e0s autoridades. O Papa tocou temas como democracia, povos nativos e meio ambiente. E pediu perd\u00e3o pelas falhas da Igreja. Cidade do Vaticano \u2013 O primeiro discurso do Papa Francisco em terras chilenas foi \u00e0s autoridades, \u00e0 sociedade civil e ao corpo diplom\u00e1tico, reunidos no Pal\u00e1cio Presidencial [&hellip;]<\/p>\n","protected":false},"author":1,"featured_media":37451,"comment_status":"open","ping_status":"closed","sticky":false,"template":"","format":"standard","meta":{"footnotes":""},"categories":[3],"tags":[],"class_list":["post-37450","post","type-post","status-publish","format-standard","has-post-thumbnail","hentry","category-vaticano"],"_links":{"self":[{"href":"https:\/\/catolicanet.net\/wp-cnet\/wp-json\/wp\/v2\/posts\/37450","targetHints":{"allow":["GET"]}}],"collection":[{"href":"https:\/\/catolicanet.net\/wp-cnet\/wp-json\/wp\/v2\/posts"}],"about":[{"href":"https:\/\/catolicanet.net\/wp-cnet\/wp-json\/wp\/v2\/types\/post"}],"author":[{"embeddable":true,"href":"https:\/\/catolicanet.net\/wp-cnet\/wp-json\/wp\/v2\/users\/1"}],"replies":[{"embeddable":true,"href":"https:\/\/catolicanet.net\/wp-cnet\/wp-json\/wp\/v2\/comments?post=37450"}],"version-history":[{"count":1,"href":"https:\/\/catolicanet.net\/wp-cnet\/wp-json\/wp\/v2\/posts\/37450\/revisions"}],"predecessor-version":[{"id":37452,"href":"https:\/\/catolicanet.net\/wp-cnet\/wp-json\/wp\/v2\/posts\/37450\/revisions\/37452"}],"wp:featuredmedia":[{"embeddable":true,"href":"https:\/\/catolicanet.net\/wp-cnet\/wp-json\/wp\/v2\/media\/37451"}],"wp:attachment":[{"href":"https:\/\/catolicanet.net\/wp-cnet\/wp-json\/wp\/v2\/media?parent=37450"}],"wp:term":[{"taxonomy":"category","embeddable":true,"href":"https:\/\/catolicanet.net\/wp-cnet\/wp-json\/wp\/v2\/categories?post=37450"},{"taxonomy":"post_tag","embeddable":true,"href":"https:\/\/catolicanet.net\/wp-cnet\/wp-json\/wp\/v2\/tags?post=37450"}],"curies":[{"name":"wp","href":"https:\/\/api.w.org\/{rel}","templated":true}]}}