{"id":37430,"date":"2018-01-15T12:21:45","date_gmt":"2018-01-15T14:21:45","guid":{"rendered":"http:\/\/catolicanet.net\/wp-cnet\/?p=37430"},"modified":"2018-01-31T10:47:38","modified_gmt":"2018-01-31T12:47:38","slug":"o-chile-que-aguarda-o-papa-francisco","status":"publish","type":"post","link":"https:\/\/catolicanet.net\/wp-cnet\/o-chile-que-aguarda-o-papa-francisco\/","title":{"rendered":"O Chile que aguarda o Papa Francisco"},"content":{"rendered":"<p>O Chile que o Papa Francisco encontrar\u00e1 \u00e9 bem diferente daquele visitado pelo Papa Jo\u00e3o Paulo II em abril de 1987. Agora o pa\u00eds est\u00e1 vivendo uma democracia mas com uma diminui\u00e7\u00e3o no n\u00famero de cat\u00f3licos.<\/p>\n<p>Jackson Erpen &#8211; Cidade do Vaticano<\/p>\n<p>\u00c0s 8h55 min desta segunda-feira, 15 de janeiro,\u00a0 o Papa Francisco partiu rumo ao Chile em mais uma Viagem Apost\u00f3lica internacional, a 22\u00aa de seu Pontificado e a 6\u00aa \u00e0 Am\u00e9rica Latina.<\/p>\n<p>O Papa chegou ao Aeroporto Fiumicino \u00e0s 8h12min a bordo de um Ford Fiesta do Vaticano escoltado por um carro da seguran\u00e7a e subiu sorridente a escada at\u00e9 o Boeing 777-200 ER da Alitalia, carregando a sua pasta preta. Antes de entrar no avi\u00e3o, saudou as duas hostess e o comandante do voo e ap\u00f3s acenou para autoridades civis e religiosas presentes na pista.<\/p>\n<p>A primeira etapa \u00e9 no Chile, onde al\u00e9m da capital Santiago,\u00a0 visitar\u00e1 Temuco e Iquique. E a realidade que encontrar\u00e1 \u00e9 bem diferente daquela de 1987, ano da visita do Papa Jo\u00e3o Paulo II ao pa\u00eds.<\/p>\n<p>H\u00e1 30 anos, o Chile vivia sob a ditadura de Pinochet, enquanto agora respira ares de democracia. A Presidente Michelle Bachelet entregar\u00e1 o cargo em mar\u00e7o a Sebasti\u00e1n Pi\u00f1era, vencedor do segundo turno das elei\u00e7\u00f5es em 17 de dezembro, e que j\u00e1 havia governado o pa\u00eds de 2010 a 2014.<\/p>\n<p>&#8220;O Papa Francisco chegar\u00e1 a um pa\u00eds com pleno estado de direito, que recuperou sua democracia em 1990, e que \u00e9 muito mais diversificado nos diversos \u00e2mbitos, com um crescente n\u00famero de imigrantes&#8221;, havia declarado Bachelet em um comunicado, ap\u00f3s a confirma\u00e7\u00e3o da visita do Pont\u00edfice ao pa\u00eds.<br \/>\nPerten\u00e7a religiosa<\/p>\n<p>Em 1987, os chilenos eram 12,4 milh\u00f5es, enquanto agora a popula\u00e7\u00e3o \u00e9 de 18,3 milh\u00f5es.<\/p>\n<p>Mas a mudan\u00e7a nestes 30 anos n\u00e3o foi apenas demogr\u00e1fica ou no campo pol\u00edtico. Mudou tamb\u00e9m o perfil da sociedade chilena.<\/p>\n<p>H\u00e1 tr\u00eas d\u00e9cadas, 70% dos chilenos se declaravam cat\u00f3licos, percentual que caiu para 59%, segundo revelou a Pesquisa do Bicenten\u00e1rio, realizada em 2014.<\/p>\n<p>Diminuiu o n\u00famero de quem se diz cat\u00f3lico e aumentou o n\u00famero de ateus e evang\u00e9licos.<\/p>\n<p>Em 2006, 12% da popula\u00e7\u00e3o se dizia ateia, enquanto em 2014 este percentual subiu para 22%. J\u00e1 os evang\u00e9licos constitu\u00edam 14% da popula\u00e7\u00e3o h\u00e1 dez anos, enquanto hoje representam 16% dos chilenos.<\/p>\n<p>As cifras de perten\u00e7a religiosa variam entre as diferentes pesquisas realizadas, mas todas revelam esta tend\u00eancia a uma diminui\u00e7\u00e3o entre aqueles que se declaram cat\u00f3licos.<br \/>\n&#8220;Conflito mapuche&#8221;<\/p>\n<p>Nos ataques contra igrejas na madrugada da \u00faltima sexta-feira, foram deixados panfletos fazendo men\u00e7\u00e3o \u00e0 quest\u00e3o dos mapuches,\u00a0 povo aut\u00f3ctone que vive nas proximidades de Temuco, cidade que ser\u00e1 visitada pelo Papa.<\/p>\n<p>O fato de os agressores terem mencionado o &#8220;confito mapuche&#8221; &#8211; como \u00e9 conhecido &#8211; n\u00e3o significa necessariamente que os ataques tenham alguma rela\u00e7\u00e3o com a causa, mas acena para esta quest\u00e3o que gera tens\u00f5es e conflitos no sul do pa\u00eds.<\/p>\n<p>De fato, nos \u00faltimos anos, a regi\u00e3o de Araucan\u00eda tem sido foco de ataques violentos contra as pessoas e tamb\u00e9m contra igrejas. De 2014\u00a0 a 2016,\u00a0 15 igrejas &#8211; 12 cat\u00f3licas e 3 evang\u00e9licas &#8211; foram incendiadas, 11 delas somente em 2016. Em 2017, foram sete. Todos os ataques atribu\u00eddos ao grupo ind\u00edgena Weichan Auka Mapu .<\/p>\n<p>Por valorizar as popula\u00e7\u00f5es ind\u00edgenas ao redor do planeta e defender a sua prote\u00e7\u00e3o, \u00e9 de se esperar que o Papa Francisco leve alguma esperan\u00e7a de solu\u00e7\u00e3o para este conflito.<\/p>\n<p>Os servi\u00e7os de seguran\u00e7a do Chile e do Vaticano levaram em considera\u00e7\u00e3o os conflitos existentes na regi\u00e3o ao elaborar o esquema de seguran\u00e7a do Pont\u00edfice e da popula\u00e7\u00e3o.<br \/>\nDados da Igreja Cat\u00f3lica no Chile<\/p>\n<p>Segundo dados de dezembro de 2015, existem no Chile 27 Circunscri\u00e7\u00f5es Eclesi\u00e1sticas, 960 par\u00f3quias, 3.779 Centros Pastorais.<\/p>\n<p>Os bispos s\u00e3o 50, 1.175 os sacerdotes diocesanos, 1.108 os sacerdotes religiosos, 1.138 os di\u00e1conos permanentes, 546 os religiosos n\u00e3o sacerdotes, 4.006 as religiosas professas, 472 membros leigos de Institutos Seculares, 1.473 mission\u00e1rios leigos, 43.547 catequistas. Os seminaristas menores s\u00e3o 39, os maiores 568.<\/p>\n<p>Centros de educa\u00e7\u00e3o de propriedade e\/ou dirigidos por eclesi\u00e1sticos ou religiosos<\/p>\n<p>957 escolas maternas e prim\u00e1rias, atendendo 258.366 estudantes;\u00a0 597 escolas m\u00e9dias e secund\u00e1rias, com 392.582 estudantes e\u00a0 27\u00a0 escolas superiores e universidades, com 321.105 estudantes.<\/p>\n<p>A Igreja Cat\u00f3lica tamb\u00e9m administra no pa\u00eds 18 hospitais, 39 ambulat\u00f3rios, 1 lepros\u00e1rio, 318 casas para idosos e pessoas com invalidez; 205 orfanatr\u00f3fios e jardins de inf\u00e2ncia; 30 consult\u00f3rios familiares; 43 centros especiais de educa\u00e7\u00e3o ou reeduca\u00e7\u00e3o sociais, al\u00e9m de 447 outras institui\u00e7\u00f5es.<\/p>\n<p>Fonte: R\u00e1dio Vaticano<\/p>\n","protected":false},"excerpt":{"rendered":"<p>O Chile que o Papa Francisco encontrar\u00e1 \u00e9 bem diferente daquele visitado pelo Papa Jo\u00e3o Paulo II em abril de 1987. Agora o pa\u00eds est\u00e1 vivendo uma democracia mas com uma diminui\u00e7\u00e3o no n\u00famero de cat\u00f3licos. Jackson Erpen &#8211; Cidade do Vaticano \u00c0s 8h55 min desta segunda-feira, 15 de janeiro,\u00a0 o Papa Francisco partiu rumo [&hellip;]<\/p>\n","protected":false},"author":1,"featured_media":37431,"comment_status":"open","ping_status":"closed","sticky":false,"template":"","format":"standard","meta":{"footnotes":""},"categories":[3],"tags":[],"class_list":["post-37430","post","type-post","status-publish","format-standard","has-post-thumbnail","hentry","category-vaticano"],"_links":{"self":[{"href":"https:\/\/catolicanet.net\/wp-cnet\/wp-json\/wp\/v2\/posts\/37430","targetHints":{"allow":["GET"]}}],"collection":[{"href":"https:\/\/catolicanet.net\/wp-cnet\/wp-json\/wp\/v2\/posts"}],"about":[{"href":"https:\/\/catolicanet.net\/wp-cnet\/wp-json\/wp\/v2\/types\/post"}],"author":[{"embeddable":true,"href":"https:\/\/catolicanet.net\/wp-cnet\/wp-json\/wp\/v2\/users\/1"}],"replies":[{"embeddable":true,"href":"https:\/\/catolicanet.net\/wp-cnet\/wp-json\/wp\/v2\/comments?post=37430"}],"version-history":[{"count":1,"href":"https:\/\/catolicanet.net\/wp-cnet\/wp-json\/wp\/v2\/posts\/37430\/revisions"}],"predecessor-version":[{"id":37432,"href":"https:\/\/catolicanet.net\/wp-cnet\/wp-json\/wp\/v2\/posts\/37430\/revisions\/37432"}],"wp:featuredmedia":[{"embeddable":true,"href":"https:\/\/catolicanet.net\/wp-cnet\/wp-json\/wp\/v2\/media\/37431"}],"wp:attachment":[{"href":"https:\/\/catolicanet.net\/wp-cnet\/wp-json\/wp\/v2\/media?parent=37430"}],"wp:term":[{"taxonomy":"category","embeddable":true,"href":"https:\/\/catolicanet.net\/wp-cnet\/wp-json\/wp\/v2\/categories?post=37430"},{"taxonomy":"post_tag","embeddable":true,"href":"https:\/\/catolicanet.net\/wp-cnet\/wp-json\/wp\/v2\/tags?post=37430"}],"curies":[{"name":"wp","href":"https:\/\/api.w.org\/{rel}","templated":true}]}}