{"id":37394,"date":"2018-01-12T07:43:28","date_gmt":"2018-01-12T09:43:28","guid":{"rendered":"http:\/\/catolicanet.net\/wp-cnet\/?p=37394"},"modified":"2018-01-31T09:52:18","modified_gmt":"2018-01-31T11:52:18","slug":"cardeal-parolin-o-ano-2018-do-papa-francisco-no-signo-de-jovens-e-familia","status":"publish","type":"post","link":"https:\/\/catolicanet.net\/wp-cnet\/cardeal-parolin-o-ano-2018-do-papa-francisco-no-signo-de-jovens-e-familia\/","title":{"rendered":"Cardeal Parolin: o ano 2018 do Papa Francisco no signo de jovens e fam\u00edlia"},"content":{"rendered":"<p>A iminente viagem apost\u00f3lica ao Chile e Peru, o S\u00ednodo sobre os jovens, o encontro mundial das fam\u00edlias em Dublin e, ainda, o debate no mundo cat\u00f3lico sobre a Amoris Laetitia e a reforma da C\u00faria Romana. S\u00e3o os temas candentes da entrevista do secret\u00e1rio de Estado vaticano, cardeal Pietro Parolin, concedida em exclusiva ao Vatican News (VN).<\/p>\n<p>O purpurado det\u00e9m-se, particularmente, sobre as grandes expectativas que a Igreja tem em rela\u00e7\u00e3o aos jovens, no ano que ter\u00e1 a realiza\u00e7\u00e3o do S\u00ednodo dedicado \u00e0 juventude, em outubro pr\u00f3ximo, precedido de um pr\u00e9-S\u00ednodo em mar\u00e7o.<\/p>\n<p><a href=\"http:\/\/media.vaticannews.va\/media\/audio\/s1\/2018\/1\/11\/16\/134225268_F134225268.mp3\">Clique aqui para ouvir:<\/a><\/p>\n<p>Card. Parolin:- \u201cCertamente, este ano \u2013 o ano 2018 \u2013 ser\u00e1 caracterizado por uma especial concentra\u00e7\u00e3o da aten\u00e7\u00e3o da Igreja em todos os seus n\u00edveis sobre os jovens, por conseguinte, sobre suas expectativas, suas aspira\u00e7\u00f5es, os desafios que devem enfrentar e tamb\u00e9m sobre as esperan\u00e7as que trazem consigo, bem como sobre as fraquezas e os medos. Portanto, ser\u00e1 um ano importante: o Papa j\u00e1 indicou isso tamb\u00e9m nos recentes discursos durante este per\u00edodo natalino. Creio que a coisa mais inovadora desta abordagem \u00e9 a busca de uma nova rela\u00e7\u00e3o da Igreja com os jovens, marcada por um paradigma de responsabilidade isento de todo e qualquer paternalismo. A Igreja quer entrar verdadeiramente em di\u00e1logo com a realidade juvenil, quer entender os jovens e quer ajud\u00e1-los. Ao mesmo tempo, gostaria de referir-me ao famoso discurso que John Kennedy fez quando da sua posse, no long\u00ednquo 1961, quando disse: \u201cVoc\u00eas n\u00e3o devem se perguntar o que o pa\u00eds pode fazer por voc\u00eas, mas perguntar-se o que voc\u00eas podem fazer, devem fazer pelo pa\u00eds.\u201d Creio que seja esta, afinal de contas, tamb\u00e9m a abordagem inovadora, ou seja, a Igreja pergunta aos jovens; o Papa, a Igreja perguntam aos jovens o que podem fazer pela Igreja, qual contribui\u00e7\u00e3o podem dar ao Evangelho, para a difus\u00e3o do Evangelho, hoje! E creio que os jovens saber\u00e3o responder a esse convite com a sua generosidade e tamb\u00e9m com o seu entusiasmo.\u201d<\/p>\n<p>VN: Naturalmente, os jovens evocam a fam\u00edlia. No pr\u00f3ximo m\u00eas de agosto, em Dublin, na Irlanda, vai se realizar o encontro mundial das fam\u00edlias: um evento importante que tem lugar dois anos ap\u00f3s a publica\u00e7\u00e3o da Amoris laetitia. Qual balan\u00e7o pode ser feito sobre a recep\u00e7\u00e3o desse documento e por que, a seu ver, suscitou um debate t\u00e3o intenso no mundo cat\u00f3lico?<\/p>\n<p>Card. Parolin:- \u201cEvidentemente, a Igreja, ap\u00f3s a celebra\u00e7\u00e3o dos dois S\u00ednodos e a publica\u00e7\u00e3o da Exorta\u00e7\u00e3o apost\u00f3lica Amoris laetitia, colocou-se nessa dire\u00e7\u00e3o. E com certeza tamb\u00e9m a celebra\u00e7\u00e3o do encontro mundial das fam\u00edlias em Dublin ser\u00e1 uma etapa \u2013 penso \u2013 importante porque \u00e9 tamb\u00e9m o primeiro, afinal de contas, ap\u00f3s a publica\u00e7\u00e3o do documento. Uma etapa de reflex\u00e3o, uma etapa de aprofundamento e uma etapa tamb\u00e9m para levar adiante este processo de aplica\u00e7\u00e3o das indica\u00e7\u00f5es da Amoris laetitia. Tamb\u00e9m a\u00ed usaria, talvez, o mesmo termo utilizado antes, ou seja, de que afinal de contas a Amoris laetitia nasceu de um novo paradigma que o Papa Francisco est\u00e1 levando adiante com sabedoria, com prud\u00eancia e tamb\u00e9m com paci\u00eancia. Provavelmente, as dificuldades que surgiram e que ainda existem na Igreja, al\u00e9m de alguns aspectos do conte\u00fado, tenham sua raz\u00e3o de ser propriamente nessa mudan\u00e7a de atitude que o Papa nos pede. Uma mudan\u00e7a de paradigma, inerente ao pr\u00f3prio texto, que nos \u00e9 solicitada: esse esp\u00edrito novo, essa nova abordagem! Evidentemente, toda mudan\u00e7a comporta sempre dificuldades \u2013 isso j\u00e1 era previsto \u2013 e estas devem ser enfrentadas com afinco, para encontrar respostas que se tornem momentos de ulterior crescimento, de ulterior aprofundamento. Tamb\u00e9m a\u00ed creio que a Amoris laetitia, al\u00e9m de ser um abra\u00e7o que a Igreja faz \u00e0 fam\u00edlia e a seus problemas no mundo de hoje, possa ajudar realmente a incarnar o Evangelho no seio da fam\u00edlia \u2013 que j\u00e1 \u00e9 um Evangelho: o Evangelho da fam\u00edlia \u2013, \u00e9, ao mesmo tempo, tamb\u00e9m um pedido de ajuda \u00e0s fam\u00edlias a fim de que colaborem e contribuam para o crescimento da Igreja.\u201d<\/p>\n<p>VN: Em mar\u00e7o pr\u00f3ximo celebraremos o quinto anivers\u00e1rio da elei\u00e7\u00e3o do Papa Francisco. Um dos pontos fortes do Pontificado, como bem sabemos, \u00e9 o processo de reforma, da C\u00faria e n\u00e3o somente. Como, a seu ver, se poder\u00e1 desenvolver esse processo no futuro pr\u00f3ximo?<\/p>\n<p>Card. Parolin:- \u201cEvidentemente, j\u00e1 foram dados passos, not\u00e1veis passos avante. J\u00e1 no ano passado, o Papa no discurso \u00e0 C\u00faria elencava de certo modo todas as medidas adotadas ap\u00f3s estudo, sobretudo por parte do Conselho dos cardeais do C9. Por\u00e9m, parece-me que no discurso \u2013 e \u00e9 algo que retorna constantemente no Magist\u00e9rio do Papa Francisco, quando se fala da C\u00faria \u2013 n\u00e3o se trate tanto de insistir nas reformas estruturais, com a promulga\u00e7\u00e3o de novas leis, de novas normas, nomea\u00e7\u00f5es e assim por diante; mas sobretudo no esp\u00edrito profundo que deve animar toda e qualquer reforma da C\u00faria, e \u00e9 a dimens\u00e3o fundamental da vida crist\u00e3, ou seja, a convers\u00e3o. Portanto, fazer de modo que a C\u00faria \u2013 sempre mais e melhor, livrando-se tamb\u00e9m daquelas sombras que possam ser de obst\u00e1culo para este empenho e esta miss\u00e3o \u2013 possa tornar-se realmente um aux\u00edlio ao Papa para anunciar o Evangelho, para testemunhar o Evangelho, para evangelizar o mundo de hoje. Insistiria mais uma vez sobre isso, embora se trate de um olhar de fundo e n\u00e3o des\u00e7a na concretude das reformas singularmente consideradas ou de cada mudan\u00e7a, que, por\u00e9m, j\u00e1 houve e que continuar\u00e1. Est\u00e3o em andamento outros aprofundamentos concernentes a demais organismos da C\u00faria romana. Por\u00e9m, essa \u00e9 a perspectiva fundamental na qual devemos nos colocar e \u00e0 qual o Papa continuamente nos chama e gostaria de evidenciar isso.\u201d<\/p>\n<p>VN: O ano 2018 que est\u00e1 come\u00e7ando ser\u00e1 certamente tamb\u00e9m um ano de viagens apost\u00f3licas para o Papa Francisco. Dentro de poucos dias o Papa retornara \u00e0 Am\u00e9rica Latina. A seu ver, qual o significado mais importante da visita ao Chile e Peru?<\/p>\n<p>Card. Parolin:- \u201c\u00c9 sempre o encontro com as Igrejas, \u00e9 sempre o encontro com a comunidade crist\u00e3. O Papa vai como pastor universal da Igreja para encontrar Igrejas locais; naturalmente, Igrejas que s\u00e3o particularmente vivas, particularmente ativas como a Igreja no Chile, como a Igreja no Peru e que, por outro lado, encontram-se tamb\u00e9m enfrentando numerosos desafios diante da realidade do mundo de hoje. Os desafios s\u00e3o muitos! Aceno dois, particularmente, que o Papa tem muito a peito. O primeiro \u00e9 o desafio da popula\u00e7\u00e3o ind\u00edgena; dos ind\u00edgenas: e aqui me refiro tamb\u00e9m ao S\u00ednodo sobre a Amaz\u00f4nia, que foi convocado pelo Papa recentemente e que se realizar\u00e1 em 2019. Portanto, qual \u00e9 o papel, qual \u00e9 a contribui\u00e7\u00e3o dessas popula\u00e7\u00f5es no seio de cada pa\u00eds, de suas sociedades, e para dar uma contribui\u00e7\u00e3o tamb\u00e9m a essas sociedades. Ademais, um tema muito sentido pelo Papa e sobre o qual tem voltado com palavras inclusive muito incisivas \u00e9 o da corrup\u00e7\u00e3o, que impede o desenvolvimento e que impede tamb\u00e9m a supera\u00e7\u00e3o da pobreza e da mis\u00e9ria. Creio que n\u00e3o ser\u00e1 uma viagem simples, mas ser\u00e1 realmente uma viagem muito interessante.\u201d<\/p>\n<p>&nbsp;<\/p>\n<p>Fonte: R\u00e1dio Vaticano<\/p>\n","protected":false},"excerpt":{"rendered":"<p>A iminente viagem apost\u00f3lica ao Chile e Peru, o S\u00ednodo sobre os jovens, o encontro mundial das fam\u00edlias em Dublin e, ainda, o debate no mundo cat\u00f3lico sobre a Amoris Laetitia e a reforma da C\u00faria Romana. S\u00e3o os temas candentes da entrevista do secret\u00e1rio de Estado vaticano, cardeal Pietro Parolin, concedida em exclusiva ao [&hellip;]<\/p>\n","protected":false},"author":1,"featured_media":37395,"comment_status":"open","ping_status":"closed","sticky":false,"template":"","format":"standard","meta":{"footnotes":""},"categories":[3],"tags":[],"class_list":["post-37394","post","type-post","status-publish","format-standard","has-post-thumbnail","hentry","category-vaticano"],"_links":{"self":[{"href":"https:\/\/catolicanet.net\/wp-cnet\/wp-json\/wp\/v2\/posts\/37394","targetHints":{"allow":["GET"]}}],"collection":[{"href":"https:\/\/catolicanet.net\/wp-cnet\/wp-json\/wp\/v2\/posts"}],"about":[{"href":"https:\/\/catolicanet.net\/wp-cnet\/wp-json\/wp\/v2\/types\/post"}],"author":[{"embeddable":true,"href":"https:\/\/catolicanet.net\/wp-cnet\/wp-json\/wp\/v2\/users\/1"}],"replies":[{"embeddable":true,"href":"https:\/\/catolicanet.net\/wp-cnet\/wp-json\/wp\/v2\/comments?post=37394"}],"version-history":[{"count":1,"href":"https:\/\/catolicanet.net\/wp-cnet\/wp-json\/wp\/v2\/posts\/37394\/revisions"}],"predecessor-version":[{"id":37396,"href":"https:\/\/catolicanet.net\/wp-cnet\/wp-json\/wp\/v2\/posts\/37394\/revisions\/37396"}],"wp:featuredmedia":[{"embeddable":true,"href":"https:\/\/catolicanet.net\/wp-cnet\/wp-json\/wp\/v2\/media\/37395"}],"wp:attachment":[{"href":"https:\/\/catolicanet.net\/wp-cnet\/wp-json\/wp\/v2\/media?parent=37394"}],"wp:term":[{"taxonomy":"category","embeddable":true,"href":"https:\/\/catolicanet.net\/wp-cnet\/wp-json\/wp\/v2\/categories?post=37394"},{"taxonomy":"post_tag","embeddable":true,"href":"https:\/\/catolicanet.net\/wp-cnet\/wp-json\/wp\/v2\/tags?post=37394"}],"curies":[{"name":"wp","href":"https:\/\/api.w.org\/{rel}","templated":true}]}}