{"id":37391,"date":"2018-01-12T07:38:14","date_gmt":"2018-01-12T09:38:14","guid":{"rendered":"http:\/\/catolicanet.net\/wp-cnet\/?p=37391"},"modified":"2018-01-31T09:45:26","modified_gmt":"2018-01-31T11:45:26","slug":"14o-intereclesial-as-cebs-sao-sal-e-luz-da-sociedade-afirma-dom-sergio-castriani","status":"publish","type":"post","link":"https:\/\/catolicanet.net\/wp-cnet\/14o-intereclesial-as-cebs-sao-sal-e-luz-da-sociedade-afirma-dom-sergio-castriani\/","title":{"rendered":"14\u00ba Intereclesial: \u201cAs CEBs s\u00e3o sal e luz da sociedade\u201d, afirma dom Sergio Castriani"},"content":{"rendered":"<p>\u00c0s portas do 14\u00ba Intereclesial das Comunidades Eclesiais de Base do Brasil (CEBs), os 18 regionais pertencentes \u00e0 Confer\u00eancia Nacional dos Bispos do Brasil (CNBB) j\u00e1 come\u00e7aram a realizar missas de envio dos delegados que representar\u00e3o cada um deles no evento, que ocorrer\u00e1 nos dias 23 a 27 de janeiro, em Londrina (PR). O regional Norte 1, que compreende o norte do Amazonas e Roraima j\u00e1 deu o primeiro passo. Nessa semana o arcebispo de Manaus, dom Sergio Castriani presidiu a missa de envio dos 108 delegados das dioceses pertencentes ao regional.<\/p>\n<p>Durante a homilia, realizada na Igreja da Comunidade Nossa Senhora do Bom Parto, dom Sergio afirmou que as comunidades eclesiais s\u00e3o locais onde se vive a f\u00e9, onde h\u00e1 vida crist\u00e3, se prega o Evangelho e celebra a Eucaristia. \u201cAs CEBs s\u00e3o sal e luz na sociedade. E aos que v\u00e3o para o Intereclesial que levem nossa experi\u00eancia das comunidades de nossas periferias cheias de f\u00e9 e de vida. Bom encontro a todos!\u201d, exortou o arcebispo. No final da missa, o arcebispo reuniu os representantes pr\u00f3ximo ao altar e os aben\u00e7oou e enviou para que bem representem o regional Norte 1.<\/p>\n<p><img loading=\"lazy\" decoding=\"async\" class=\"alignright\" src=\"http:\/\/cnbb.net.br\/wp-content\/uploads\/sites\/32\/2018\/01\/26169948_1528263853956193_3449987701799927222_n-300x169-300x169.jpg\" width=\"180\" height=\"101\" border=\"0\" \/>Na foto, dom Sergio com os delegados ap\u00f3s a missa. Cr\u00e9dito: Arquidiocese de Manaus<\/p>\n<p>Segundo a coordenadora regional das CEBs, Nete Souza, al\u00e9m dos 108 delegados ir\u00e3o tamb\u00e9m o bispo referencial das CEBs, dom Zenildo Silva; o bispo de Roraima, dom M\u00e1rio Ant\u00f4nio e o bispo de Itacoatiara, dom Ionilton de Oliveira. \u201cPra gente \u00e9 muito importante esse encontro de partilha de experi\u00eancias, desafios e clamores. Vamos trabalhar a quest\u00e3o urbana, na qual temos grande experi\u00eancia. \u00c9 uma grande felicidade a gente ir representar nosso regional, e estamos indo com um n\u00famero bem significativo\u201d, afirmou Nete.<\/p>\n<p>14\u00ba Intereclesial<\/p>\n<p>O 14\u00ba Intereclesial \u00e9 uma iniciativa das CEBs, organiza\u00e7\u00f5es e pastorais populares que pensam a Igreja Cat\u00f3lica a partir de seu compromisso com os pobres. Este ano tratar\u00e1 do tema \u201cAs CEBs e os desafios no mundo urbano\u201d e lema \u201cEu vi, ouvi os clamores do meu povo e desci para libert\u00e1-lo\u201d (\u00caxodo, 3:7). E para 2018 s\u00e3o esperados cerca de 3 mil participantes.<\/p>\n<p>O encontro intereclesial das CEBs ter\u00e1 uma metodologia de trabalho, baseada no m\u00e9todo \u201cVer, Julgar e Agir. Para ampliar as reflex\u00f5es dos desafios, o encontro ter\u00e1 13 mini plen\u00e1rias que v\u00e3o discutir temas como acesso e condi\u00e7\u00f5es de moradia; mobilidade urbana; forma\u00e7\u00e3o e educa\u00e7\u00e3o; acesso e participa\u00e7\u00e3o na cultura e lazer; trabalho e emprego; juventude; ecologia; sa\u00fade e saneamento; viol\u00eancia e seguran\u00e7a; direito \u00e0 comunica\u00e7\u00e3o; di\u00e1logo inter-religioso; movimentos e organiza\u00e7\u00f5es sociais e populares; democratiza\u00e7\u00e3o e participa\u00e7\u00e3o na pol\u00edtica.<\/p>\n<p>Com informa\u00e7\u00f5es da arquidiocese de Manaus<\/p>\n<p>&nbsp;<\/p>\n<p>Fonte: CNBB<\/p>\n","protected":false},"excerpt":{"rendered":"<p>\u00c0s portas do 14\u00ba Intereclesial das Comunidades Eclesiais de Base do Brasil (CEBs), os 18 regionais pertencentes \u00e0 Confer\u00eancia Nacional dos Bispos do Brasil (CNBB) j\u00e1 come\u00e7aram a realizar missas de envio dos delegados que representar\u00e3o cada um deles no evento, que ocorrer\u00e1 nos dias 23 a 27 de janeiro, em Londrina (PR). O regional [&hellip;]<\/p>\n","protected":false},"author":1,"featured_media":37392,"comment_status":"open","ping_status":"closed","sticky":false,"template":"","format":"standard","meta":{"footnotes":""},"categories":[7],"tags":[],"class_list":["post-37391","post","type-post","status-publish","format-standard","has-post-thumbnail","hentry","category-cnbb"],"_links":{"self":[{"href":"https:\/\/catolicanet.net\/wp-cnet\/wp-json\/wp\/v2\/posts\/37391","targetHints":{"allow":["GET"]}}],"collection":[{"href":"https:\/\/catolicanet.net\/wp-cnet\/wp-json\/wp\/v2\/posts"}],"about":[{"href":"https:\/\/catolicanet.net\/wp-cnet\/wp-json\/wp\/v2\/types\/post"}],"author":[{"embeddable":true,"href":"https:\/\/catolicanet.net\/wp-cnet\/wp-json\/wp\/v2\/users\/1"}],"replies":[{"embeddable":true,"href":"https:\/\/catolicanet.net\/wp-cnet\/wp-json\/wp\/v2\/comments?post=37391"}],"version-history":[{"count":1,"href":"https:\/\/catolicanet.net\/wp-cnet\/wp-json\/wp\/v2\/posts\/37391\/revisions"}],"predecessor-version":[{"id":37393,"href":"https:\/\/catolicanet.net\/wp-cnet\/wp-json\/wp\/v2\/posts\/37391\/revisions\/37393"}],"wp:featuredmedia":[{"embeddable":true,"href":"https:\/\/catolicanet.net\/wp-cnet\/wp-json\/wp\/v2\/media\/37392"}],"wp:attachment":[{"href":"https:\/\/catolicanet.net\/wp-cnet\/wp-json\/wp\/v2\/media?parent=37391"}],"wp:term":[{"taxonomy":"category","embeddable":true,"href":"https:\/\/catolicanet.net\/wp-cnet\/wp-json\/wp\/v2\/categories?post=37391"},{"taxonomy":"post_tag","embeddable":true,"href":"https:\/\/catolicanet.net\/wp-cnet\/wp-json\/wp\/v2\/tags?post=37391"}],"curies":[{"name":"wp","href":"https:\/\/api.w.org\/{rel}","templated":true}]}}