{"id":37367,"date":"2018-01-11T07:35:24","date_gmt":"2018-01-11T09:35:24","guid":{"rendered":"http:\/\/catolicanet.net\/wp-cnet\/?p=37367"},"modified":"2018-01-30T16:07:50","modified_gmt":"2018-01-30T18:07:50","slug":"jim-caviezel-o-mundo-precisa-de-guerreiros-como-sao-paulo","status":"publish","type":"post","link":"https:\/\/catolicanet.net\/wp-cnet\/jim-caviezel-o-mundo-precisa-de-guerreiros-como-sao-paulo\/","title":{"rendered":"Jim Caviezel: \u201cO mundo precisa de guerreiros como S\u00e3o Paulo\u201d"},"content":{"rendered":"<p>O ator de \u2018A Paix\u00e3o de Cristo\u2019 emocionou milhares de estudantes ao dar o testemunho de sua f\u00e9<\/p>\n<p>Durante a divulga\u00e7\u00e3o de seu mais novo filme (sobre S\u00e3o Paulo), Jim Caviezel falou para milhares de estudantes em um evento em Chicago. Com um discurso sobre f\u00e9, ele deu seu testemunho de vida e emocionou os jovens.<\/p>\n<p>Caviezel abriu o discurso falando do significado da express\u00e3o \u201cSaulo grande, Paulo pequeno\u201d. E mencionou o quanto \u00e9 importante ser pequeno primeiro para depois se tornar grande. \u201cEste \u00e9 o caminho dos santos, esta foi a forma como Saulo virou S\u00e3o Paulo\u201d.<\/p>\n<p>O ator tamb\u00e9m compartilhou sua experi\u00eancia de vida e disse que adotou a profiss\u00e3o depois de um chamado que recebeu do Senhor.<\/p>\n<p>Mas nem tudo foram rosas. Ele lembrou que sua interpreta\u00e7\u00e3o de Edmond, em O Conde de Monte Cristo \u2013 personagem que o lan\u00e7ou a Hollywood \u2013 n\u00e3o foi nada f\u00e1cil. Com Edmond, Caviezel aprendeu que \u201cDeus ama cada um de n\u00f3s, at\u00e9 nos momentos mais dif\u00edceis\u201d, mesmo que a gente n\u00e3o acredite nele.<\/p>\n<p>Depois das filmagens de O Conde de Monte Cristo, Mel Gibson convidou Caviezel para fazer o papel de Jesus em seu filme A Paix\u00e3o de Cristo. No encontro com os estudantes, o ator disse que, quando estava filmando na Cruz, percebeu que nossa reden\u00e7\u00e3o est\u00e1 no sofrimento e que cada um deve carregar sua pr\u00f3pria cruz: \u201cmeninos, houve muito sofrimento antes da ressurrei\u00e7\u00e3o, seus caminhos n\u00e3o ser\u00e3o diferentes. Por isso, abracem a cruz e elevem-se at\u00e9 suas metas\u2026 O mundo precisa de guerreiros como S\u00e3o Paulo e S\u00e3o Lucas, que arriscaram seus nomes e suas reputa\u00e7\u00f5es para divulgar a f\u00e9 e o amor por Jesus ao mundo\u201d.<\/p>\n<p>No fim da apresenta\u00e7\u00e3o, ele citou o poderoso discurso sobre a liberdade, que aparece no premiado filme Cora\u00e7\u00e3o Valente. Na fala, Caviezel convidou a todos para seguir a luta, tendo Jesus e o Esp\u00edrito Santo como escudos contra o mal e o diabo.<\/p>\n<p>O ator pediu b\u00ean\u00e7\u00e3os a todos e desejou reencontrar a plateia no c\u00e9u.<\/p>\n<p>Fonte: Aleteia<\/p>\n","protected":false},"excerpt":{"rendered":"<p>O ator de \u2018A Paix\u00e3o de Cristo\u2019 emocionou milhares de estudantes ao dar o testemunho de sua f\u00e9 Durante a divulga\u00e7\u00e3o de seu mais novo filme (sobre S\u00e3o Paulo), Jim Caviezel falou para milhares de estudantes em um evento em Chicago. Com um discurso sobre f\u00e9, ele deu seu testemunho de vida e emocionou os [&hellip;]<\/p>\n","protected":false},"author":1,"featured_media":37368,"comment_status":"open","ping_status":"closed","sticky":false,"template":"","format":"standard","meta":{"footnotes":""},"categories":[4],"tags":[],"class_list":["post-37367","post","type-post","status-publish","format-standard","has-post-thumbnail","hentry","category-cotidiano"],"_links":{"self":[{"href":"https:\/\/catolicanet.net\/wp-cnet\/wp-json\/wp\/v2\/posts\/37367","targetHints":{"allow":["GET"]}}],"collection":[{"href":"https:\/\/catolicanet.net\/wp-cnet\/wp-json\/wp\/v2\/posts"}],"about":[{"href":"https:\/\/catolicanet.net\/wp-cnet\/wp-json\/wp\/v2\/types\/post"}],"author":[{"embeddable":true,"href":"https:\/\/catolicanet.net\/wp-cnet\/wp-json\/wp\/v2\/users\/1"}],"replies":[{"embeddable":true,"href":"https:\/\/catolicanet.net\/wp-cnet\/wp-json\/wp\/v2\/comments?post=37367"}],"version-history":[{"count":1,"href":"https:\/\/catolicanet.net\/wp-cnet\/wp-json\/wp\/v2\/posts\/37367\/revisions"}],"predecessor-version":[{"id":37369,"href":"https:\/\/catolicanet.net\/wp-cnet\/wp-json\/wp\/v2\/posts\/37367\/revisions\/37369"}],"wp:featuredmedia":[{"embeddable":true,"href":"https:\/\/catolicanet.net\/wp-cnet\/wp-json\/wp\/v2\/media\/37368"}],"wp:attachment":[{"href":"https:\/\/catolicanet.net\/wp-cnet\/wp-json\/wp\/v2\/media?parent=37367"}],"wp:term":[{"taxonomy":"category","embeddable":true,"href":"https:\/\/catolicanet.net\/wp-cnet\/wp-json\/wp\/v2\/categories?post=37367"},{"taxonomy":"post_tag","embeddable":true,"href":"https:\/\/catolicanet.net\/wp-cnet\/wp-json\/wp\/v2\/tags?post=37367"}],"curies":[{"name":"wp","href":"https:\/\/api.w.org\/{rel}","templated":true}]}}