{"id":37355,"date":"2018-01-11T07:16:05","date_gmt":"2018-01-11T09:16:05","guid":{"rendered":"http:\/\/catolicanet.net\/wp-cnet\/?p=37355"},"modified":"2018-01-30T15:48:06","modified_gmt":"2018-01-30T17:48:06","slug":"santa-se-comissionado-o-sodalicio-de-vida-crista","status":"publish","type":"post","link":"https:\/\/catolicanet.net\/wp-cnet\/santa-se-comissionado-o-sodalicio-de-vida-crista\/","title":{"rendered":"Santa S\u00e9: comissionado o Sodal\u00edcio de Vida Crist\u00e3"},"content":{"rendered":"<p>Decreto da Congrega\u00e7\u00e3o para os Institutos de Vida Consegrada e as Sociedades de Vida Apost\u00f3lica<\/p>\n<p>Cidade do Vaticano<\/p>\n<p>A Congrega\u00e7\u00e3o para os Institutos de Vida consagrada e as Sociedades de Vida Apost\u00f3lica emanou na quarta-feira, 10 de janeiro, o Decreto com o qual se disp\u00f5e o Comissionamento da Sociedade de Vida Apost\u00f3lica Sodalitium Christianae Vitae (Sodal\u00edcio de Vida Crist\u00e3) e nomeia Comiss\u00e1rio apost\u00f3lico da referida Sociedade Dom Noel Antonio Londo\u00f1o Buitrago (C.Ss.R), Bispo de Jeric\u00f3, na Col\u00f4mbia. \u00c9 o que informa um comunicado da Sala de Imprensa da Santa S\u00e9.<\/p>\n<p>\u201cO Cardeal W. Tobin (C.Ss.R) continua sendo o referente da Congrega\u00e7\u00e3o para os Institutos de Vida Consagrada e as Sociedades de Vida Apost\u00f3lica como Delegado ad nutum em rela\u00e7\u00e3o ao Sodalitium Christianae Vitae e, em particular, no que tange \u00e0s quest\u00f5es econ\u00f4micas\u201d, l\u00ea-se no comunicado.<\/p>\n<p>O Santo Padre Francisco acompanhou com preocupa\u00e7\u00e3o todas as informa\u00e7\u00f5es que, h\u00e1 v\u00e1rios anos, chegam \u00e0 Congrega\u00e7\u00e3o para os Institutos de Vida Consagrada e as Sociedades de Vida Apost\u00f3lica sobre a situa\u00e7\u00e3o do Sodal\u00edcio de Vida Crist\u00e3.<\/p>\n<p>O Papa mostrou estar particularmente atento \u00e0 gravidade das informa\u00e7\u00f5es que dizem respeito ao regime interno, a forma\u00e7\u00e3o e a gest\u00e3o econ\u00f4mico-financeira, motivo pelo qual pediu com insist\u00eancia ao Dicast\u00e9rio uma aten\u00e7\u00e3o particular.<\/p>\n<p>Somaram se a isso, recentemente, as s\u00e9rias medidas adotadas pelas autoridades judici\u00e1rias peruanas em rela\u00e7\u00e3o ao Senhor Luis Fernando Figari. Ap\u00f3s uma aprofundada an\u00e1lise de toda a documenta\u00e7\u00e3o, o Dicast\u00e9rio emanou o Decreto de Comissionamento, conclui o comunicado.<\/p>\n<p>&nbsp;<\/p>\n<p><a href=\"http:\/\/media.vaticannews.va\/media\/audio\/s1\/2018\/1\/11\/10\/134224144_F134224144.mp3\">Clique aqui para ouvir<\/a>:<\/p>\n<p>&nbsp;<\/p>\n<p>Fonte: R\u00e1dio Vaticano<\/p>\n","protected":false},"excerpt":{"rendered":"<p>Decreto da Congrega\u00e7\u00e3o para os Institutos de Vida Consegrada e as Sociedades de Vida Apost\u00f3lica Cidade do Vaticano A Congrega\u00e7\u00e3o para os Institutos de Vida consagrada e as Sociedades de Vida Apost\u00f3lica emanou na quarta-feira, 10 de janeiro, o Decreto com o qual se disp\u00f5e o Comissionamento da Sociedade de Vida Apost\u00f3lica Sodalitium Christianae Vitae [&hellip;]<\/p>\n","protected":false},"author":1,"featured_media":37356,"comment_status":"open","ping_status":"closed","sticky":false,"template":"","format":"standard","meta":{"footnotes":""},"categories":[3],"tags":[],"class_list":["post-37355","post","type-post","status-publish","format-standard","has-post-thumbnail","hentry","category-vaticano"],"_links":{"self":[{"href":"https:\/\/catolicanet.net\/wp-cnet\/wp-json\/wp\/v2\/posts\/37355","targetHints":{"allow":["GET"]}}],"collection":[{"href":"https:\/\/catolicanet.net\/wp-cnet\/wp-json\/wp\/v2\/posts"}],"about":[{"href":"https:\/\/catolicanet.net\/wp-cnet\/wp-json\/wp\/v2\/types\/post"}],"author":[{"embeddable":true,"href":"https:\/\/catolicanet.net\/wp-cnet\/wp-json\/wp\/v2\/users\/1"}],"replies":[{"embeddable":true,"href":"https:\/\/catolicanet.net\/wp-cnet\/wp-json\/wp\/v2\/comments?post=37355"}],"version-history":[{"count":1,"href":"https:\/\/catolicanet.net\/wp-cnet\/wp-json\/wp\/v2\/posts\/37355\/revisions"}],"predecessor-version":[{"id":37357,"href":"https:\/\/catolicanet.net\/wp-cnet\/wp-json\/wp\/v2\/posts\/37355\/revisions\/37357"}],"wp:featuredmedia":[{"embeddable":true,"href":"https:\/\/catolicanet.net\/wp-cnet\/wp-json\/wp\/v2\/media\/37356"}],"wp:attachment":[{"href":"https:\/\/catolicanet.net\/wp-cnet\/wp-json\/wp\/v2\/media?parent=37355"}],"wp:term":[{"taxonomy":"category","embeddable":true,"href":"https:\/\/catolicanet.net\/wp-cnet\/wp-json\/wp\/v2\/categories?post=37355"},{"taxonomy":"post_tag","embeddable":true,"href":"https:\/\/catolicanet.net\/wp-cnet\/wp-json\/wp\/v2\/tags?post=37355"}],"curies":[{"name":"wp","href":"https:\/\/api.w.org\/{rel}","templated":true}]}}