{"id":37313,"date":"2018-01-09T10:45:28","date_gmt":"2018-01-09T12:45:28","guid":{"rendered":"http:\/\/catolicanet.net\/wp-cnet\/?p=37313"},"modified":"2018-01-30T15:01:31","modified_gmt":"2018-01-30T17:01:31","slug":"igreja-denuncia-repressao-brutal-a-catolicos-na-republica-democratica-do-congo","status":"publish","type":"post","link":"https:\/\/catolicanet.net\/wp-cnet\/igreja-denuncia-repressao-brutal-a-catolicos-na-republica-democratica-do-congo\/","title":{"rendered":"Igreja denuncia repress\u00e3o brutal a cat\u00f3licos na Rep\u00fablica Democr\u00e1tica do Congo"},"content":{"rendered":"<p>ROMA, 09 Jan. 18 \/ 05:00 am (ACI).- A Nunciatura Apost\u00f3lica na Rep\u00fablica Democr\u00e1tica do Congo publicou um primeiro informe provis\u00f3rio sobre a viol\u00eancia sofrida por fi\u00e9is cat\u00f3licos ap\u00f3s uma repress\u00e3o brutal ocorrida durante uma s\u00e9rie de protestos pol\u00edticos em 31 de dezembro de 2017.<\/p>\n<p>Os protestos deixaram 5 mortos, 134 igrejas cercadas e 6 sacerdotes presos, segundo informou a Ag\u00eancia Fides no dia 5 de janeiro.<\/p>\n<p>Os protestos foram promovidos pelo Comit\u00ea Laico de Coordena\u00e7\u00e3o (CLC), uma organiza\u00e7\u00e3o de leigos cat\u00f3licos que pede ao presidente Joseph Kabila uma declara\u00e7\u00e3o na qual afirma que n\u00e3o se candidatar\u00e1 para outro mandato.<\/p>\n<p>De acordo com a Constitui\u00e7\u00e3o de 2006 desse pa\u00eds, Kabila, que est\u00e1 no poder desde 2001, n\u00e3o pode voltar a se candidatar.<\/p>\n<p>Entretanto, Kabila decidiu n\u00e3o renunciar a seu cargo no final de seu mandato, lan\u00e7ar-se a uma nova reelei\u00e7\u00e3o, mudar o calend\u00e1rio eleitoral e adiar os com\u00edcios at\u00e9 o m\u00eas de dezembro deste ano, embora as elei\u00e7\u00f5es gerais tivessem sido combinadas entre o governo e a oposi\u00e7\u00e3o para final de 2017.<\/p>\n<p>A permiss\u00e3o para as marchar foi negado em Kinshasa pelo governo e a pol\u00edcia disparou muni\u00e7\u00f5es, balas de borracha e g\u00e1s lacrimog\u00eaneo nas igrejas, para evitar que os poss\u00edveis manifestantes se reunissem.<\/p>\n<p>O informe da Nunciatura, atualizado at\u00e9 o dia 3 de janeiro, sustenta que \u201c134 par\u00f3quias foram cercadas e isoladas pela pol\u00edcia; em outras duas impediram o acesso dos fi\u00e9is e a celebra\u00e7\u00e3o da Missa dominical; em cinco par\u00f3quias a Missa foi interrompida pelas for\u00e7as de seguran\u00e7a; 18 viram sua \u00e1rea invadida por soldados e policiais; outras 10 foram alcan\u00e7adas por gases lacrimog\u00eaneos\u201d.<\/p>\n<p>Al\u00e9m disso, \u201ccinco pessoas foram assassinadas at\u00e9 o momento, uma na igreja de Saint Dominique, duas na par\u00f3quia Sainte Familie e outras duas na de Saint Alponse. Entre as pessoas presas, h\u00e1 seis sacerdotes e um seminarista\u201d.<\/p>\n<p>Em declara\u00e7\u00f5es a diversos meios de comunica\u00e7\u00e3o, o Arcebispo de Kinshasa, Cardeal Laurent Monsengwo, condenou energicamente os ataques das for\u00e7as de seguran\u00e7a.<\/p>\n<p>\u201cS\u00f3 podemos denunciar, condenar e estigmatizar as a\u00e7\u00f5es dos homens supostamente corajosos que usam uniforme, os quais, infelizmente, n\u00e3o s\u00e3o nada mais do que provocadores de barb\u00e1rie. Como podemos confiar em l\u00edderes incapazes de proteger a popula\u00e7\u00e3o, de garantir a paz, a justi\u00e7a e o amor \u00e0s pessoas?\u201d, disse a Reuters.<\/p>\n<p>Al\u00e9m disso, o Cardeal acusou as for\u00e7as de seguran\u00e7a de abrir fogo contra manifestantes pac\u00edficos e profanar lugares de culto.<\/p>\n<p>Cerca de 40% da popula\u00e7\u00e3o congolesa se identifica como cat\u00f3lica e as institui\u00e7\u00f5es cat\u00f3licas desempenham um papel importante na educa\u00e7\u00e3o, aten\u00e7\u00e3o m\u00e9dica e outros servi\u00e7os.<\/p>\n<p>Sob o governo de Kabila, os bispos congoleses se pronunciaram contra as viola\u00e7\u00f5es de direitos humanos do governo e do plano do presidente de eliminar os limites aos per\u00edodos que lhe impediram a reelei\u00e7\u00e3o.<\/p>\n<p>Ajudaram a mediar o acordo ente a coalis\u00e3o pol\u00edtica oficialista e os l\u00edderes da oposi\u00e7\u00e3o, que culminou em um acordo no dia 31 de dezembro de 2016.<\/p>\n<p>As regi\u00f5es orientais da Rep\u00fablica Democr\u00e1tica do Congo sofrem conflitos armados e milh\u00f5es de pessoas foram obrigadas a abandonar seus lares. Os sacerdotes e religiosos no local enfrentam a amea\u00e7a de sequestro e outras formas de viol\u00eancia.<\/p>\n<p>&nbsp;<\/p>\n<p>&nbsp;<\/p>\n<p>Fonte: Acidigital<\/p>\n","protected":false},"excerpt":{"rendered":"<p>ROMA, 09 Jan. 18 \/ 05:00 am (ACI).- A Nunciatura Apost\u00f3lica na Rep\u00fablica Democr\u00e1tica do Congo publicou um primeiro informe provis\u00f3rio sobre a viol\u00eancia sofrida por fi\u00e9is cat\u00f3licos ap\u00f3s uma repress\u00e3o brutal ocorrida durante uma s\u00e9rie de protestos pol\u00edticos em 31 de dezembro de 2017. Os protestos deixaram 5 mortos, 134 igrejas cercadas e 6 [&hellip;]<\/p>\n","protected":false},"author":1,"featured_media":37314,"comment_status":"open","ping_status":"closed","sticky":false,"template":"","format":"standard","meta":{"footnotes":""},"categories":[7],"tags":[],"class_list":["post-37313","post","type-post","status-publish","format-standard","has-post-thumbnail","hentry","category-cnbb"],"_links":{"self":[{"href":"https:\/\/catolicanet.net\/wp-cnet\/wp-json\/wp\/v2\/posts\/37313","targetHints":{"allow":["GET"]}}],"collection":[{"href":"https:\/\/catolicanet.net\/wp-cnet\/wp-json\/wp\/v2\/posts"}],"about":[{"href":"https:\/\/catolicanet.net\/wp-cnet\/wp-json\/wp\/v2\/types\/post"}],"author":[{"embeddable":true,"href":"https:\/\/catolicanet.net\/wp-cnet\/wp-json\/wp\/v2\/users\/1"}],"replies":[{"embeddable":true,"href":"https:\/\/catolicanet.net\/wp-cnet\/wp-json\/wp\/v2\/comments?post=37313"}],"version-history":[{"count":1,"href":"https:\/\/catolicanet.net\/wp-cnet\/wp-json\/wp\/v2\/posts\/37313\/revisions"}],"predecessor-version":[{"id":37315,"href":"https:\/\/catolicanet.net\/wp-cnet\/wp-json\/wp\/v2\/posts\/37313\/revisions\/37315"}],"wp:featuredmedia":[{"embeddable":true,"href":"https:\/\/catolicanet.net\/wp-cnet\/wp-json\/wp\/v2\/media\/37314"}],"wp:attachment":[{"href":"https:\/\/catolicanet.net\/wp-cnet\/wp-json\/wp\/v2\/media?parent=37313"}],"wp:term":[{"taxonomy":"category","embeddable":true,"href":"https:\/\/catolicanet.net\/wp-cnet\/wp-json\/wp\/v2\/categories?post=37313"},{"taxonomy":"post_tag","embeddable":true,"href":"https:\/\/catolicanet.net\/wp-cnet\/wp-json\/wp\/v2\/tags?post=37313"}],"curies":[{"name":"wp","href":"https:\/\/api.w.org\/{rel}","templated":true}]}}