{"id":37310,"date":"2018-01-09T10:16:30","date_gmt":"2018-01-09T12:16:30","guid":{"rendered":"http:\/\/catolicanet.net\/wp-cnet\/?p=37310"},"modified":"2018-01-30T14:57:24","modified_gmt":"2018-01-30T16:57:24","slug":"atacam-universidade-catolica-para-obriga-la-a-aceitar-rituais-hindus","status":"publish","type":"post","link":"https:\/\/catolicanet.net\/wp-cnet\/atacam-universidade-catolica-para-obriga-la-a-aceitar-rituais-hindus\/","title":{"rendered":"Atacam universidade cat\u00f3lica para obrig\u00e1-la a aceitar rituais hindus"},"content":{"rendered":"<p>ROMA, 09 Jan. 18 \/ 06:00 am (ACI).- Um grupo de extremistas hindus atacou uma universidade cat\u00f3lica na \u00cdndia para obrig\u00e1-la a permitir que se pratique rituais hindus dentro de suas instala\u00e7\u00f5es.<\/p>\n<p>Segundo informou a ag\u00eancia vaticana Fides, cerca de 900 membros da organiza\u00e7\u00e3o estudantil de direita \u201cAkhil Bharatiya Vidyarthi Parishad\u201d (ABVP) se reuniram no dia 4 de janeiro na porta da St. Mary\u2019s Post Graduate College e amea\u00e7aram realizar \u00e0 for\u00e7a o \u201cAarti de Bharat Mata\u201d, um ato no qual se incensa as imagens dos deuses hindus.<\/p>\n<p>O secret\u00e1rio geral da Confer\u00eancia Episcopal da \u00cdndia, Dom Theodore Mascarenhas, disse a Fides que \u201cse reportou que uma multid\u00e3o de ativistas tinha se reunido do lado de fora da universidade e esperava ingressar. Mas, um grande batalh\u00e3o da pol\u00edcia foi enviado para lidar com a situa\u00e7\u00e3o\u201d.<\/p>\n<p>Al\u00e9m disso, indicou que \u201ca calma regressou ao lugar pois s\u00f3 permaneceram na \u00e1rea os policiais de servi\u00e7o\u201d.<\/p>\n<p>\u201cA pol\u00edcia de Mahya Pradesh assegurou \u00e0s autoridades da igreja que dar\u00e3o a m\u00e1xima prote\u00e7\u00e3o. Entretanto, os sacerdotes que administram a universidade sentem que a situa\u00e7\u00e3o \u00e9 potencialmente perigosa, porque esperava-se que os 900 ativistas violassem as ordens da pol\u00edcia\u201d.<\/p>\n<p>\u201cJ\u00e1 tinha acontecido uma agress\u00e3o, embora 20 policiais estivessem ali\u201d, assinalou.<\/p>\n<p>\u201cVoltamos a agradecer ao ministro do Interior, Rajnath Singh, e \u00e0 pol\u00edcia de Madhya Pradesh. Tamb\u00e9m a voc\u00eas por suas ora\u00e7\u00f5es. Os sacerdotes, religiosas e o restante do pessoal est\u00e3o em choque. Continuem rezando por eles\u201d, pediu o Prelado.<\/p>\n<p>&nbsp;<\/p>\n<p>Acidigital<\/p>\n","protected":false},"excerpt":{"rendered":"<p>ROMA, 09 Jan. 18 \/ 06:00 am (ACI).- Um grupo de extremistas hindus atacou uma universidade cat\u00f3lica na \u00cdndia para obrig\u00e1-la a permitir que se pratique rituais hindus dentro de suas instala\u00e7\u00f5es. Segundo informou a ag\u00eancia vaticana Fides, cerca de 900 membros da organiza\u00e7\u00e3o estudantil de direita \u201cAkhil Bharatiya Vidyarthi Parishad\u201d (ABVP) se reuniram no [&hellip;]<\/p>\n","protected":false},"author":1,"featured_media":37311,"comment_status":"open","ping_status":"closed","sticky":false,"template":"","format":"standard","meta":{"footnotes":""},"categories":[4],"tags":[],"class_list":["post-37310","post","type-post","status-publish","format-standard","has-post-thumbnail","hentry","category-cotidiano"],"_links":{"self":[{"href":"https:\/\/catolicanet.net\/wp-cnet\/wp-json\/wp\/v2\/posts\/37310","targetHints":{"allow":["GET"]}}],"collection":[{"href":"https:\/\/catolicanet.net\/wp-cnet\/wp-json\/wp\/v2\/posts"}],"about":[{"href":"https:\/\/catolicanet.net\/wp-cnet\/wp-json\/wp\/v2\/types\/post"}],"author":[{"embeddable":true,"href":"https:\/\/catolicanet.net\/wp-cnet\/wp-json\/wp\/v2\/users\/1"}],"replies":[{"embeddable":true,"href":"https:\/\/catolicanet.net\/wp-cnet\/wp-json\/wp\/v2\/comments?post=37310"}],"version-history":[{"count":1,"href":"https:\/\/catolicanet.net\/wp-cnet\/wp-json\/wp\/v2\/posts\/37310\/revisions"}],"predecessor-version":[{"id":37312,"href":"https:\/\/catolicanet.net\/wp-cnet\/wp-json\/wp\/v2\/posts\/37310\/revisions\/37312"}],"wp:featuredmedia":[{"embeddable":true,"href":"https:\/\/catolicanet.net\/wp-cnet\/wp-json\/wp\/v2\/media\/37311"}],"wp:attachment":[{"href":"https:\/\/catolicanet.net\/wp-cnet\/wp-json\/wp\/v2\/media?parent=37310"}],"wp:term":[{"taxonomy":"category","embeddable":true,"href":"https:\/\/catolicanet.net\/wp-cnet\/wp-json\/wp\/v2\/categories?post=37310"},{"taxonomy":"post_tag","embeddable":true,"href":"https:\/\/catolicanet.net\/wp-cnet\/wp-json\/wp\/v2\/tags?post=37310"}],"curies":[{"name":"wp","href":"https:\/\/api.w.org\/{rel}","templated":true}]}}