{"id":37223,"date":"2017-12-20T09:01:42","date_gmt":"2017-12-20T11:01:42","guid":{"rendered":"http:\/\/catolicanet.net\/wp-cnet\/?p=37223"},"modified":"2018-01-30T10:56:53","modified_gmt":"2018-01-30T12:56:53","slug":"audiencia-papa-explica-os-ritos-introdutorios-da-missa","status":"publish","type":"post","link":"https:\/\/catolicanet.net\/wp-cnet\/audiencia-papa-explica-os-ritos-introdutorios-da-missa\/","title":{"rendered":"Audi\u00eancia: Papa explica os ritos introdut\u00f3rios da missa"},"content":{"rendered":"<p>Na catequese, Francisco deu prosseguimento ao ciclo sobre a celebra\u00e7\u00e3o eucar\u00edstica e explicou a import\u00e2ncia dos ritos introdut\u00f3rios.<\/p>\n<p>O Papa Francisco conduziu a Audi\u00eancia Geral desta quarta-feira, realizada na Sala Paulo VI em clima natalino.<\/p>\n<p>Dando prosseguimento ao ciclo sobre a eucaristia, em sua catequese o Pont\u00edfice recordou as duas partes que comp\u00f5em a missa: a liturgia da Palavra e a Liturgia eucar\u00edstica. Para explicar melhor cada uma delas, nesta ocasi\u00e3o explicou os ritos introdut\u00f3rios: a entrada, a sauda\u00e7\u00e3o, o ato penitencial, o Kyrie eleison, o Gl\u00f3ria e a ora\u00e7\u00e3o chamada Coleta, das inten\u00e7\u00f5es de todo o povo de Deus.<\/p>\n<p>\u201cA finalidade destes ritos introdut\u00f3rios \u00e9 fazer com que os fi\u00e9is congregados formem comunidade e se disponham a escutar com f\u00e9 a Palavra de Deus e a celebrar dignamente a Eucaristia\u201d, afirmou o Papa.<\/p>\n<p>\u201c N\u00e3o \u00e9 um bom h\u00e1bito ficar olhando o rel\u00f3gio, \u2018ainda estou em tempo\u2019, o c\u00e1lculo. Com o sinal da cruz, com esses ritos, come\u00e7amos a adorar a Deus, por isso \u00e9 importante n\u00e3o chegar atrasado, mas sim com anteced\u00eancia, para preparar o cora\u00e7\u00e3o a este rito. \u201d<\/p>\n<p>Na prociss\u00e3o de entrada, o celebrante chega ao presbit\u00e9rio, sa\u00fada o altar com uma inclina\u00e7\u00e3o e, em sinal de venera\u00e7\u00e3o, beija-o e incensa-o, porque o altar \u00e9 sinal de Cristo, que, oferecendo o seu corpo na cruz, tornou-Se altar, v\u00edtima e sacerdote. \u201cQuando olhamos o altar, vemos onde Cristo est\u00e1. O altar \u00e9 Cristo\u201d, explicou.<\/p>\n<p>Em seguida, o sacerdote e restantes membros da assembleia fazem o sinal da cruz: com este sinal, n\u00e3o s\u00f3 recordamos o nosso Batismo, mas afirmamos tamb\u00e9m que a ora\u00e7\u00e3o lit\u00fargica se realiza \u2018em nome do Pai, do Filho e do Esp\u00edrito Santo\u2019, desenrola-se no espa\u00e7o da Sant\u00edssima Trindade, que \u00e9 espa\u00e7o de comunh\u00e3o infinita; toda a ora\u00e7\u00e3o tem como origem e fim o amor de Deus Uno e Trino que se manifestou e nos foi doado na Cruz de Cristo.<br \/>\nLeia tamb\u00e9m<br \/>\nAudi\u00eancia Geral de 20 de dezembro de 20107<br \/>\n20\/12\/2017<br \/>\nAudi\u00eancia Geral de 20 de dezembro de 20107<\/p>\n<p>E mais uma vez Francisco pediu aos pais e aos av\u00f3s que ensinem bem as crian\u00e7as a fazer o sinal da cruz.<\/p>\n<p>Depois o sacerdote dirige a sauda\u00e7\u00e3o lit\u00fargica \u00e0 assembleia: \u201cO Senhor esteja convosco!\u201d. \u2018Ele est\u00e1 no meio de n\u00f3s\u2019: responde-lhe o povo de Deus. Assim se expressa a f\u00e9 comum e o m\u00fatuo desejo de estar com o Senhor e viver em uni\u00e3o com toda a comunidade.<\/p>\n<p>\u201cEstamos no in\u00edcio da missa e devemos pensar no significado de todos esses gestos e palavras. Estamos\u00a0 entrando numa \u2018sinfonia\u2019, na qual ressoam v\u00e1rias tonalidades de vozes, inclusive momentos de sil\u00eancio, com a finalidade de criar o \u2018acordo\u2019 entre todos os participantes, isto \u00e9, de se reconhecer animados por um \u00fanico Esp\u00edrito e para um mesmo fim.\u201d<\/p>\n<p>Esta sinfonia apresenta logo um momento tocante, que \u00e9 o ato penitencial, isto \u00e9, o momento de reconhecer os pr\u00f3prios pecados. \u201cTodos somos pecadores. Talvez alguns de voc\u00eas n\u00e3o\u201d, brincou o Papa com fi\u00e9is, pedindo que o \u201cn\u00e3o pecador\u201d levantasse a m\u00e3o para ser reconhecido pela multid\u00e3o. \u201cVoc\u00eas t\u00eam uma boa f\u00e9\u201d, disse Francisco, j\u00e1 que ningu\u00e9m se manifestou.<\/p>\n<p>\u201cN\u00e3o se trata somente de pensar nos pecados cometidos, mas \u00e9 muito mais: \u00e9 o convite a confessar-se pecadores diante de Deus e dos irm\u00e3os, com humildade e sinceridade, como o publicano no templo\u201d, concluiu o Papa, acrescentando que devido \u00e0 sua import\u00e2ncia, a pr\u00f3xima catequese ser\u00e1 dedicada justamente ao ato penitencial.<\/p>\n<p>&nbsp;<\/p>\n<p><a href=\"http:\/\/media.vaticannews.va\/media\/audio\/s1\/2017\/12\/20\/10\/134191673_F134191673.mp3\">Clique aqui para ouvir:<\/a><\/p>\n<p>&nbsp;<\/p>\n<p>Fonte: R\u00e1dio Vaticano<\/p>\n","protected":false},"excerpt":{"rendered":"<p>Na catequese, Francisco deu prosseguimento ao ciclo sobre a celebra\u00e7\u00e3o eucar\u00edstica e explicou a import\u00e2ncia dos ritos introdut\u00f3rios. O Papa Francisco conduziu a Audi\u00eancia Geral desta quarta-feira, realizada na Sala Paulo VI em clima natalino. Dando prosseguimento ao ciclo sobre a eucaristia, em sua catequese o Pont\u00edfice recordou as duas partes que comp\u00f5em a missa: [&hellip;]<\/p>\n","protected":false},"author":1,"featured_media":37224,"comment_status":"open","ping_status":"closed","sticky":false,"template":"","format":"standard","meta":{"footnotes":""},"categories":[3],"tags":[],"class_list":["post-37223","post","type-post","status-publish","format-standard","has-post-thumbnail","hentry","category-vaticano"],"_links":{"self":[{"href":"https:\/\/catolicanet.net\/wp-cnet\/wp-json\/wp\/v2\/posts\/37223","targetHints":{"allow":["GET"]}}],"collection":[{"href":"https:\/\/catolicanet.net\/wp-cnet\/wp-json\/wp\/v2\/posts"}],"about":[{"href":"https:\/\/catolicanet.net\/wp-cnet\/wp-json\/wp\/v2\/types\/post"}],"author":[{"embeddable":true,"href":"https:\/\/catolicanet.net\/wp-cnet\/wp-json\/wp\/v2\/users\/1"}],"replies":[{"embeddable":true,"href":"https:\/\/catolicanet.net\/wp-cnet\/wp-json\/wp\/v2\/comments?post=37223"}],"version-history":[{"count":1,"href":"https:\/\/catolicanet.net\/wp-cnet\/wp-json\/wp\/v2\/posts\/37223\/revisions"}],"predecessor-version":[{"id":37225,"href":"https:\/\/catolicanet.net\/wp-cnet\/wp-json\/wp\/v2\/posts\/37223\/revisions\/37225"}],"wp:featuredmedia":[{"embeddable":true,"href":"https:\/\/catolicanet.net\/wp-cnet\/wp-json\/wp\/v2\/media\/37224"}],"wp:attachment":[{"href":"https:\/\/catolicanet.net\/wp-cnet\/wp-json\/wp\/v2\/media?parent=37223"}],"wp:term":[{"taxonomy":"category","embeddable":true,"href":"https:\/\/catolicanet.net\/wp-cnet\/wp-json\/wp\/v2\/categories?post=37223"},{"taxonomy":"post_tag","embeddable":true,"href":"https:\/\/catolicanet.net\/wp-cnet\/wp-json\/wp\/v2\/tags?post=37223"}],"curies":[{"name":"wp","href":"https:\/\/api.w.org\/{rel}","templated":true}]}}