{"id":37205,"date":"2017-12-20T08:01:16","date_gmt":"2017-12-20T10:01:16","guid":{"rendered":"http:\/\/catolicanet.net\/wp-cnet\/?p=37205"},"modified":"2018-01-30T10:05:36","modified_gmt":"2018-01-30T12:05:36","slug":"o-feriado-de-fim-de-ano-e-o-movimento-nas-estradas-e-rodovias-brasileiras","status":"publish","type":"post","link":"https:\/\/catolicanet.net\/wp-cnet\/o-feriado-de-fim-de-ano-e-o-movimento-nas-estradas-e-rodovias-brasileiras\/","title":{"rendered":"O feriado de fim de Ano e o movimento nas estradas e rodovias brasileiras"},"content":{"rendered":"<p>O movimento nas estradas e rodovias no Brasil come\u00e7a a aumentar a partir desta sexta-feira (22), quando muitos brasileiros cruzam as estradas para passar o fim de semana de Natal em outras regi\u00f5es.<\/p>\n<p>Como ningu\u00e9m quer come\u00e7ar o fim de semana parado no tr\u00e2nsito, \u00e9 importante seguir algumas dicas de seguran\u00e7a. Um m\u00ednimo de planejamento pode diminuir o risco de acidentes. Al\u00e9m da tradicional revis\u00e3o de viagem no carro, como a checagem do n\u00edvel do \u00f3leo, calibragem de pneus, funcionamento dos far\u00f3is, limpadores de para-brisas e etc.<\/p>\n<p>Outro equipamento indispens\u00e1vel e por vezes esquecido \u00e9 o estepe, que deve estar calibrado. Ferramentas como macaco e chave de roda precisam estar dispon\u00edveis para o caso de emerg\u00eancias em viagens.<\/p>\n<p>Viajar de carro pode gerar uma independ\u00eancia muito maior para curtir paisagens e parar onde quiser, mas, para isso, o motorista deve de se preparar psicologicamente para a jornada, sabendo que poder\u00e1 enfrentar congestionamento e mesmo condi\u00e7\u00f5es adversas do tempo, t\u00edpicas do ver\u00e3o, como temporais. Vale ressaltar a import\u00e2ncia de evitar os hor\u00e1rios com maior fluxo de ve\u00edculos e redobrar a aten\u00e7\u00e3o nos trechos considerados perigosos.<\/p>\n<p>Apesar das causas externas, os registros apontam a imprud\u00eancia dos motoristas como principal motivo dos acidentes.<\/p>\n<p>Se for viajar com crian\u00e7as menores de dez anos \u00e9 obrigat\u00f3rio por lei o uso de beb\u00ea-conforto, poltrona de eleva\u00e7\u00e3o (cadeirinha) e assento de eleva\u00e7\u00e3o para o transporte dos pequenos no carro de acordo com a idade.<\/p>\n<p>A Pol\u00edcia Rodovi\u00e1ria Federal (PRF) contabilizou 2.769 acidentes em rodovias federais entre 23 de dezembro de 2016 e 1\u00ba de janeiro de 2017 e queda no n\u00famero de mortes. Os dados fazem parte da Opera\u00e7\u00e3o Rodovida 2016\/2017.<\/p>\n<p>De acordo com balan\u00e7o da PRF, dos acidentes 2.868 pessoas ficaram feridas e 225 morreram. Os n\u00fameros apontam uma diminui\u00e7\u00e3o de 10% nas mortes registradas em compara\u00e7\u00e3o ao per\u00edodo de festas de Natal e Ano Novo de 2015\/2016. No per\u00edodo anterior foram contabilizados uma m\u00e9dia di\u00e1ria de 25 mortes, neste ano foram 22,5 mortes di\u00e1rias entre 23 de dezembro e 1\u00ba de janeiro.<\/p>\n<p>A PRF ainda n\u00e3o divulgou como ser\u00e1 a Opera\u00e7\u00e3o Rodovida 2017\/2018.<\/p>\n<p>&nbsp;<\/p>\n<p>Fonte: CNBB<\/p>\n","protected":false},"excerpt":{"rendered":"<p>O movimento nas estradas e rodovias no Brasil come\u00e7a a aumentar a partir desta sexta-feira (22), quando muitos brasileiros cruzam as estradas para passar o fim de semana de Natal em outras regi\u00f5es. Como ningu\u00e9m quer come\u00e7ar o fim de semana parado no tr\u00e2nsito, \u00e9 importante seguir algumas dicas de seguran\u00e7a. Um m\u00ednimo de planejamento [&hellip;]<\/p>\n","protected":false},"author":1,"featured_media":37206,"comment_status":"open","ping_status":"closed","sticky":false,"template":"","format":"standard","meta":{"footnotes":""},"categories":[7],"tags":[],"class_list":["post-37205","post","type-post","status-publish","format-standard","has-post-thumbnail","hentry","category-cnbb"],"_links":{"self":[{"href":"https:\/\/catolicanet.net\/wp-cnet\/wp-json\/wp\/v2\/posts\/37205","targetHints":{"allow":["GET"]}}],"collection":[{"href":"https:\/\/catolicanet.net\/wp-cnet\/wp-json\/wp\/v2\/posts"}],"about":[{"href":"https:\/\/catolicanet.net\/wp-cnet\/wp-json\/wp\/v2\/types\/post"}],"author":[{"embeddable":true,"href":"https:\/\/catolicanet.net\/wp-cnet\/wp-json\/wp\/v2\/users\/1"}],"replies":[{"embeddable":true,"href":"https:\/\/catolicanet.net\/wp-cnet\/wp-json\/wp\/v2\/comments?post=37205"}],"version-history":[{"count":1,"href":"https:\/\/catolicanet.net\/wp-cnet\/wp-json\/wp\/v2\/posts\/37205\/revisions"}],"predecessor-version":[{"id":37207,"href":"https:\/\/catolicanet.net\/wp-cnet\/wp-json\/wp\/v2\/posts\/37205\/revisions\/37207"}],"wp:featuredmedia":[{"embeddable":true,"href":"https:\/\/catolicanet.net\/wp-cnet\/wp-json\/wp\/v2\/media\/37206"}],"wp:attachment":[{"href":"https:\/\/catolicanet.net\/wp-cnet\/wp-json\/wp\/v2\/media?parent=37205"}],"wp:term":[{"taxonomy":"category","embeddable":true,"href":"https:\/\/catolicanet.net\/wp-cnet\/wp-json\/wp\/v2\/categories?post=37205"},{"taxonomy":"post_tag","embeddable":true,"href":"https:\/\/catolicanet.net\/wp-cnet\/wp-json\/wp\/v2\/tags?post=37205"}],"curies":[{"name":"wp","href":"https:\/\/api.w.org\/{rel}","templated":true}]}}