{"id":37191,"date":"2017-12-19T08:54:20","date_gmt":"2017-12-19T10:54:20","guid":{"rendered":"http:\/\/catolicanet.net\/wp-cnet\/?p=37191"},"modified":"2018-01-30T09:42:21","modified_gmt":"2018-01-30T11:42:21","slug":"natal-arcebispo-de-evora-pede-atencao-as-carencias-que-existem-na-sociedade","status":"publish","type":"post","link":"https:\/\/catolicanet.net\/wp-cnet\/natal-arcebispo-de-evora-pede-atencao-as-carencias-que-existem-na-sociedade\/","title":{"rendered":"Natal: Arcebispo de \u00c9vora pede aten\u00e7\u00e3o \u00e0s \u00abcar\u00eancias que existem\u00bb na sociedade"},"content":{"rendered":"<p>D. Jos\u00e9 Alves alerta para perda de \u00absentido original\u00bb da celebra\u00e7\u00e3o<\/p>\n<p>\u00c9vora, 19 dez 2017 (Ecclesia) \u2013 O arcebispo de \u00c9vora pede na sua mensagem de Natal que se repare \u201cnas car\u00eancias\u201d na sociedade atual \u201cmarcada\u201d por situa\u00e7\u00f5es de insufici\u00eancia &#8220;econ\u00f4mica, de abusos de confian\u00e7a, de atropelos \u00e0 justi\u00e7a social, de desrespeito pela dignidade humana\u201d.<\/p>\n<p>\u201cA celebra\u00e7\u00e3o do Natal perder\u00e1 o seu sentido original se ignorarmos as car\u00eancias que existem \u00e0 nossa volta e permanecermos fechados no nosso pequeno mundo\u201d, escreve D. Jos\u00e9 Alves.<\/p>\n<p>Na mensagem enviada \u00e0 Ag\u00eancia ECCLESIA, o prelado explica que o Natal convida \u201ca sair da zona de conforto\u201d para ir ao encontro de quem precisa da presen\u00e7a de cada um e de ajuda, por isso, convida a que se abram \u201colhos e ouvidos\u201d.<\/p>\n<p>&#8220;Reparemos nas car\u00eancias de v\u00e1ria ordem que existem \u00e0 nossa volta. Ou\u00e7amos os clamores que se levantam perto de n\u00f3s. Deus ouviu o clamor do povo e veio ao seu encontro&#8221;, pode ler-se.<\/p>\n<p>\u201cOu\u00e7amos tamb\u00e9m n\u00f3s as vozes dos que clamam por justi\u00e7a, dos que pedem ajuda, dos que mendigam o p\u00e3o de cada dia. S\u00e3o as vozes dos nossos irm\u00e3os, com os quais Jesus Cristo se identifica. Ouvir as suas vozes \u00e9 ouvir a voz de Cristo\u201d, afirma o arcebispo de \u00c9vora.<\/p>\n<p>D. Jos\u00e9 Alves real\u00e7a que o Natal \u00e9 \u201ca \u00e9poca do ano que gera maior envolv\u00eancia em todas as idades e camadas sociais\u201d.<\/p>\n<p>Neste contexto, destaca que nem todas as pessoas se referem ao Natal pelos mesmos motivos mas a quadra \u201cexerce sobre todos uma forte atra\u00e7\u00e3o\u201d.<\/p>\n<p>\u201cTodos se lhe referem como algo extraordin\u00e1rio, carregado de uma esp\u00e9cie de magia, capaz de transformar os cora\u00e7\u00f5es. E foi mesmo para transformar os cora\u00e7\u00f5es dos seres humanos que o Verbo de Deus encarnou no seio de Maria e nasceu pobre e humilde em Bel\u00e9m\u201d, desenvolve.<\/p>\n<p>D. Jos\u00e9 Alves observa que h\u00e1 muitas celebra\u00e7\u00f5es natal\u00edcias que se afastam da perspectiva da f\u00e9 e \u201cesvaziam o Natal do seu sentido original e aut\u00eantico\u201d.<\/p>\n<p>Na sua mensagem de Natal, o arcebispo de \u00c9vora recorda que o Natal crist\u00e3o celebra o nascimento de Jesus, \u201co Salvador\u201d, que \u201ccontinua a nascer, ao longo dos tempos\u201d, agora \u201cnos cora\u00e7\u00f5es daqueles que lhe abrem a porta\u201d.<\/p>\n<p>&nbsp;<\/p>\n<p>Fonte: Ag\u00eancia Ecclesia<\/p>\n","protected":false},"excerpt":{"rendered":"<p>D. Jos\u00e9 Alves alerta para perda de \u00absentido original\u00bb da celebra\u00e7\u00e3o \u00c9vora, 19 dez 2017 (Ecclesia) \u2013 O arcebispo de \u00c9vora pede na sua mensagem de Natal que se repare \u201cnas car\u00eancias\u201d na sociedade atual \u201cmarcada\u201d por situa\u00e7\u00f5es de insufici\u00eancia &#8220;econ\u00f4mica, de abusos de confian\u00e7a, de atropelos \u00e0 justi\u00e7a social, de desrespeito pela dignidade humana\u201d. [&hellip;]<\/p>\n","protected":false},"author":1,"featured_media":37192,"comment_status":"open","ping_status":"closed","sticky":false,"template":"","format":"standard","meta":{"footnotes":""},"categories":[4],"tags":[],"class_list":["post-37191","post","type-post","status-publish","format-standard","has-post-thumbnail","hentry","category-cotidiano"],"_links":{"self":[{"href":"https:\/\/catolicanet.net\/wp-cnet\/wp-json\/wp\/v2\/posts\/37191","targetHints":{"allow":["GET"]}}],"collection":[{"href":"https:\/\/catolicanet.net\/wp-cnet\/wp-json\/wp\/v2\/posts"}],"about":[{"href":"https:\/\/catolicanet.net\/wp-cnet\/wp-json\/wp\/v2\/types\/post"}],"author":[{"embeddable":true,"href":"https:\/\/catolicanet.net\/wp-cnet\/wp-json\/wp\/v2\/users\/1"}],"replies":[{"embeddable":true,"href":"https:\/\/catolicanet.net\/wp-cnet\/wp-json\/wp\/v2\/comments?post=37191"}],"version-history":[{"count":1,"href":"https:\/\/catolicanet.net\/wp-cnet\/wp-json\/wp\/v2\/posts\/37191\/revisions"}],"predecessor-version":[{"id":37193,"href":"https:\/\/catolicanet.net\/wp-cnet\/wp-json\/wp\/v2\/posts\/37191\/revisions\/37193"}],"wp:featuredmedia":[{"embeddable":true,"href":"https:\/\/catolicanet.net\/wp-cnet\/wp-json\/wp\/v2\/media\/37192"}],"wp:attachment":[{"href":"https:\/\/catolicanet.net\/wp-cnet\/wp-json\/wp\/v2\/media?parent=37191"}],"wp:term":[{"taxonomy":"category","embeddable":true,"href":"https:\/\/catolicanet.net\/wp-cnet\/wp-json\/wp\/v2\/categories?post=37191"},{"taxonomy":"post_tag","embeddable":true,"href":"https:\/\/catolicanet.net\/wp-cnet\/wp-json\/wp\/v2\/tags?post=37191"}],"curies":[{"name":"wp","href":"https:\/\/api.w.org\/{rel}","templated":true}]}}