{"id":37185,"date":"2017-12-19T07:53:12","date_gmt":"2017-12-19T09:53:12","guid":{"rendered":"http:\/\/catolicanet.net\/wp-cnet\/?p=37185"},"modified":"2018-01-30T09:36:43","modified_gmt":"2018-01-30T11:36:43","slug":"paquistao-natal-tingido-de-sangue-dos-martires","status":"publish","type":"post","link":"https:\/\/catolicanet.net\/wp-cnet\/paquistao-natal-tingido-de-sangue-dos-martires\/","title":{"rendered":"Paquist\u00e3o: Natal tingido de sangue dos m\u00e1rtires"},"content":{"rendered":"<p>Mais um massacre contra uma igreja crist\u00e3 em plena celebra\u00e7\u00e3o<\/p>\n<p>Nove pessoas morreram e 30 ficaram feridas num ataque contra uma igreja metodista da cidade de Quetta, no oeste do Paquist\u00e3o. O atentado foi cometido no in\u00edcio de uma celebra\u00e7\u00e3o religiosa de prepara\u00e7\u00e3o para o Natal.<\/p>\n<p>Os extremistas n\u00e3o hesitaram em alvejar mulheres e crian\u00e7as num ato premeditado para gerar p\u00e2nico em uma das \u00e9pocas mais importantes do cristianismo. Dois homens-bomba seriam os executores da selvageria. Um deles foi morto pelas for\u00e7as de seguran\u00e7a na porta da igreja, mas o outro conseguiu detonar seu artefato explosivo dentro do templo, bradando o habitual grito de louvor a Al\u00e1 que se tornou uma bizarra e contradit\u00f3ria \u201cmarca registrada\u201d dos terroristas.<\/p>\n<p>O presidente da Associa\u00e7\u00e3o Crist\u00e3 Paquistanesa-Brit\u00e2nica, Wilson Chowdhry, declarou:<\/p>\n<p>\u201cJ\u00e1 escrevemos v\u00e1rias solicita\u00e7\u00f5es pedindo mais prote\u00e7\u00e3o para os crist\u00e3os no Natal. Chegamos inclusive a sugerir que Quetta seria o alvo principal, devido aos recentes padr\u00f5es terroristas. At\u00e9 agora, as nossas solicita\u00e7\u00f5es t\u00eam sido ignoradas. V\u00e1rias igrejas se queixaram de que n\u00e3o foram implementadas medidas de seguran\u00e7a adicionais para proteg\u00ea-las. A Alta Comiss\u00e3o nem sequer reconheceu a nossa comunica\u00e7\u00e3o por escrito.<\/p>\n<p>A resposta r\u00e1pida das for\u00e7as de seguran\u00e7a na igreja reduziu o impacto deste ataque, mas isso n\u00e3o alivia a ansiedade que afeta os crist\u00e3os. Os crist\u00e3os claramente precisam de mais prote\u00e7\u00e3o, j\u00e1 que dois ataques contra igrejas em dois meses est\u00e3o virando um incidente comum\u201d.<\/p>\n<p>Quetta \u00e9 uma das localidades mais conflituosas do Paquist\u00e3o, com grupos armados separatistas, fac\u00e7\u00f5es dos talib\u00e3s e grupos jihadistas.<\/p>\n<p>Os ataques contra minorias religiosas em toda a prov\u00edncia s\u00e3o frequentes. Em outubro, ao menos 18 pessoas foram mortas e 25 feridas num atentado suicida com bomba dentro de um templo sufista.<\/p>\n<p>O Paquist\u00e3o tem maioria mu\u00e7ulmana sunita. Os crist\u00e3os s\u00e3o menos de 4 milh\u00f5es de pessoas, numa popula\u00e7\u00e3o de quase 200 milh\u00f5es.<\/p>\n<p>Esse pa\u00eds \u00e9 manchete constante mundo afora por conta da sua obtusa legisla\u00e7\u00e3o anti-blasf\u00eamia, de matiz islamista e claramente manipulada para perseguir, prender e executar pessoas, inclusive mu\u00e7ulmanas, usando a desculpa da suposta blasf\u00eamia sem que sequer haja provas. O caso de maior repercuss\u00e3o mundial \u00e9 o da cat\u00f3lica Asia Bibi, presa h\u00e1 mais de 3.000 dias no corredor da morte, em condi\u00e7\u00f5es desumanas, sob alega\u00e7\u00f5es de blasf\u00eamias que nunca foram reconhecidas pela comunidade internacional:<\/p>\n<p>&nbsp;<\/p>\n<p>Fonte: Aleteia<\/p>\n","protected":false},"excerpt":{"rendered":"<p>Mais um massacre contra uma igreja crist\u00e3 em plena celebra\u00e7\u00e3o Nove pessoas morreram e 30 ficaram feridas num ataque contra uma igreja metodista da cidade de Quetta, no oeste do Paquist\u00e3o. O atentado foi cometido no in\u00edcio de uma celebra\u00e7\u00e3o religiosa de prepara\u00e7\u00e3o para o Natal. Os extremistas n\u00e3o hesitaram em alvejar mulheres e crian\u00e7as [&hellip;]<\/p>\n","protected":false},"author":1,"featured_media":37186,"comment_status":"open","ping_status":"closed","sticky":false,"template":"","format":"standard","meta":{"footnotes":""},"categories":[4],"tags":[],"class_list":["post-37185","post","type-post","status-publish","format-standard","has-post-thumbnail","hentry","category-cotidiano"],"_links":{"self":[{"href":"https:\/\/catolicanet.net\/wp-cnet\/wp-json\/wp\/v2\/posts\/37185","targetHints":{"allow":["GET"]}}],"collection":[{"href":"https:\/\/catolicanet.net\/wp-cnet\/wp-json\/wp\/v2\/posts"}],"about":[{"href":"https:\/\/catolicanet.net\/wp-cnet\/wp-json\/wp\/v2\/types\/post"}],"author":[{"embeddable":true,"href":"https:\/\/catolicanet.net\/wp-cnet\/wp-json\/wp\/v2\/users\/1"}],"replies":[{"embeddable":true,"href":"https:\/\/catolicanet.net\/wp-cnet\/wp-json\/wp\/v2\/comments?post=37185"}],"version-history":[{"count":1,"href":"https:\/\/catolicanet.net\/wp-cnet\/wp-json\/wp\/v2\/posts\/37185\/revisions"}],"predecessor-version":[{"id":37187,"href":"https:\/\/catolicanet.net\/wp-cnet\/wp-json\/wp\/v2\/posts\/37185\/revisions\/37187"}],"wp:featuredmedia":[{"embeddable":true,"href":"https:\/\/catolicanet.net\/wp-cnet\/wp-json\/wp\/v2\/media\/37186"}],"wp:attachment":[{"href":"https:\/\/catolicanet.net\/wp-cnet\/wp-json\/wp\/v2\/media?parent=37185"}],"wp:term":[{"taxonomy":"category","embeddable":true,"href":"https:\/\/catolicanet.net\/wp-cnet\/wp-json\/wp\/v2\/categories?post=37185"},{"taxonomy":"post_tag","embeddable":true,"href":"https:\/\/catolicanet.net\/wp-cnet\/wp-json\/wp\/v2\/tags?post=37185"}],"curies":[{"name":"wp","href":"https:\/\/api.w.org\/{rel}","templated":true}]}}