{"id":37151,"date":"2017-12-18T09:08:32","date_gmt":"2017-12-18T11:08:32","guid":{"rendered":"http:\/\/catolicanet.net\/wp-cnet\/?p=37151"},"modified":"2018-01-30T08:50:48","modified_gmt":"2018-01-30T10:50:48","slug":"papa-jose-e-exemplo-de-homem-que-assume-a-paternidade-e-o-misterio-de-deus","status":"publish","type":"post","link":"https:\/\/catolicanet.net\/wp-cnet\/papa-jose-e-exemplo-de-homem-que-assume-a-paternidade-e-o-misterio-de-deus\/","title":{"rendered":"Papa: Jos\u00e9 \u00e9 exemplo de homem que assume a paternidade e o mist\u00e9rio de Deus"},"content":{"rendered":"<p>Francisco come\u00e7ou a semana celebrando a missa na Capela da Casa Santa Marta. O Papa inspirou sua homilia no trecho do Evangelho de Mateus para ressaltar que Jos\u00e9 assimiu para si a responsabilidade da paternidade de Jesus.<\/p>\n<p>Cidade do Vaticano<\/p>\n<p>Nos problemas, nas ang\u00fastias, nas obscuridades, aprendamos com S\u00e3o Jos\u00e9, que sabe &#8220;como caminhar na escurid\u00e3o&#8221;, que sabe &#8220;como se ouve a voz de Deus&#8221;, &#8220;como se vai avante em sil\u00eancio.<\/p>\n<p>Palavras do Papa Francisco na missa desta manh\u00e3 na Casa Santa Marta, comentando o Evangelho do dia, extra\u00eddo do Evangelho de Mateus, em que se explica que Jesus nascer\u00e1 de Maria, esposa de Jos\u00e9, filho de Davi.<\/p>\n<p>Jos\u00e9 acreditou e obedeceu<\/p>\n<p>O Pont\u00edfice falou da emo\u00e7\u00e3o de Jos\u00e9, quando come\u00e7aram as ser vis\u00edveis os sinais da gravidez de Maria: fala das d\u00favidas daquele homem, da sua dor, do seu sofrimento, enquanto todos a sua volta come\u00e7avam a murmurar, \u201cos fofoqueiros da cidade\u201d.<\/p>\n<p>Ele \u201cn\u00e3o sabia\u201d, mas sabia que Maria era \u201cuma mulher de Deus\u201d: decidiu assim \u201cdeix\u00e1-la em sil\u00eancio\u201d, n\u00e3o acusando-a \u201cpublicamente\u201d, at\u00e9 que que o Senhor interviesse, com um anjo no sonho, que lhe explicou que a crian\u00e7a \u201cnela gerada\u201d vinha do Esp\u00edrito Santo. E assim \u201cacreditou e obedeceu\u201d.<\/p>\n<p>Jos\u00e9 lutava dentro; naquela luta, a voz de Deus: \u201cMas levante-te \u2013 aquele levante-te\u2019, muitas vezes, no in\u00edcio de uma miss\u00e3o, na B\u00edblia: \u2018Levanta-te!\u2019 \u2013 pegue Maria, leve para a sua casa. Assuma a situa\u00e7\u00e3o: pegue pela m\u00e3o e vai em frente\u201d. Jos\u00e9 n\u00e3o foi ter com os amigos para se confortar, n\u00e3o foi ao psiquiatra para que interpretasse o sonho&#8230; n\u00e3o: acreditou. Foi avante. Assumiu a situa\u00e7\u00e3o. Mas o que Jos\u00e9 tinha que assumir? Qual era a situa\u00e7\u00e3o? De duas coisas. Da paternidade e do mist\u00e9rio.<\/p>\n<p>Assumiu a paternidade<\/p>\n<p>Jos\u00e9, acrescentou o Papa, teve ent\u00e3o que assumir a paternidade. E isso j\u00e1 se intu\u00eda na \u201cgenealogia de Jesus\u201d, em que se explica como \u201cse pensava que fosse o filho de Jos\u00e9\u201d:<\/p>\n<p>Ele assumiu uma paternidade que n\u00e3o era sua: era [vinha] do Pai. E levou avante a paternidade com aquilo que significa: n\u00e3o s\u00f3 apoiar Maria e a crian\u00e7a, mas tamb\u00e9m faz\u00ea-lo crescer, ensinar-lhe a profiss\u00e3o, acompanha-lo \u00e0 maturidade de homem. \u201cAssuma a paternidade que n\u00e3o \u00e8 tua, \u00e8 de Deus\u201d. E isso sem dizer uma palavra. No Evangelho, n\u00e3o tem uma s\u00f3 palavra dita sobre Jos\u00e9. O homem do sil\u00eancio, da obedi\u00eancia silenciosa.<\/p>\n<p>Assumiu o mist\u00e9rio de reconduzir o povo a Deus<\/p>\n<p>\u00c9 tamb\u00e9m o homem que \u201cassumiu\u201d o mist\u00e9rio: como explicado na primeira Leitura, \u00e9 o mist\u00e9rio de \u201creconduzir o povo a Deus\u201d, o mist\u00e9rio \u201cda re-Cria\u00e7\u00e3o\u201d que, como diz a Liturgia, \u00e9 \u201cmais maravilhosa do que a Cria\u00e7\u00e3o\u201d.<\/p>\n<p>Jos\u00e9 assume este mist\u00e9rio e ajuda: com o seu sil\u00eancio, com o seu trabalho at\u00e9 o momento que Deus o chama para si. Deste homem que assumiu a paternidade e do mist\u00e9rio, se diz que [\u00e9] sombra do Pai: a sombra de Deus Pai. E se Jesus homem aprendeu a dizer \u201cpapai\u201d, \u201cpai\u201d, ao seu Pai que conhecia como Deus, aprendeu isso da vida, do testemunho de Jos\u00e9: o homem que custodia, o homem que faz crescer, o homem que leva avante toda paternidade e todo mist\u00e9rio, mas n\u00e3o pega nada para si.<\/p>\n<p>Este, concluiu Francisco, \u00e9 o \u201cgrande Jos\u00e9\u201d, do qual Deus precisava para levar avante \u201co mist\u00e9rio de re-conduzir o povo rumo \u00e0 nova Cria\u00e7\u00e3o\u201d.<\/p>\n<p>&nbsp;<\/p>\n<p><a href=\"http:\/\/media.vaticannews.va\/media\/audio\/s1\/2017\/12\/18\/11\/134188267_F134188267.mp3\">Clique aqui para ouvir:<\/a><\/p>\n<p>&nbsp;<\/p>\n<p>Fonte: R\u00e1dio Vaticano<\/p>\n","protected":false},"excerpt":{"rendered":"<p>Francisco come\u00e7ou a semana celebrando a missa na Capela da Casa Santa Marta. O Papa inspirou sua homilia no trecho do Evangelho de Mateus para ressaltar que Jos\u00e9 assimiu para si a responsabilidade da paternidade de Jesus. Cidade do Vaticano Nos problemas, nas ang\u00fastias, nas obscuridades, aprendamos com S\u00e3o Jos\u00e9, que sabe &#8220;como caminhar na [&hellip;]<\/p>\n","protected":false},"author":1,"featured_media":37152,"comment_status":"open","ping_status":"closed","sticky":false,"template":"","format":"standard","meta":{"footnotes":""},"categories":[3],"tags":[],"class_list":["post-37151","post","type-post","status-publish","format-standard","has-post-thumbnail","hentry","category-vaticano"],"_links":{"self":[{"href":"https:\/\/catolicanet.net\/wp-cnet\/wp-json\/wp\/v2\/posts\/37151","targetHints":{"allow":["GET"]}}],"collection":[{"href":"https:\/\/catolicanet.net\/wp-cnet\/wp-json\/wp\/v2\/posts"}],"about":[{"href":"https:\/\/catolicanet.net\/wp-cnet\/wp-json\/wp\/v2\/types\/post"}],"author":[{"embeddable":true,"href":"https:\/\/catolicanet.net\/wp-cnet\/wp-json\/wp\/v2\/users\/1"}],"replies":[{"embeddable":true,"href":"https:\/\/catolicanet.net\/wp-cnet\/wp-json\/wp\/v2\/comments?post=37151"}],"version-history":[{"count":1,"href":"https:\/\/catolicanet.net\/wp-cnet\/wp-json\/wp\/v2\/posts\/37151\/revisions"}],"predecessor-version":[{"id":37153,"href":"https:\/\/catolicanet.net\/wp-cnet\/wp-json\/wp\/v2\/posts\/37151\/revisions\/37153"}],"wp:featuredmedia":[{"embeddable":true,"href":"https:\/\/catolicanet.net\/wp-cnet\/wp-json\/wp\/v2\/media\/37152"}],"wp:attachment":[{"href":"https:\/\/catolicanet.net\/wp-cnet\/wp-json\/wp\/v2\/media?parent=37151"}],"wp:term":[{"taxonomy":"category","embeddable":true,"href":"https:\/\/catolicanet.net\/wp-cnet\/wp-json\/wp\/v2\/categories?post=37151"},{"taxonomy":"post_tag","embeddable":true,"href":"https:\/\/catolicanet.net\/wp-cnet\/wp-json\/wp\/v2\/tags?post=37151"}],"curies":[{"name":"wp","href":"https:\/\/api.w.org\/{rel}","templated":true}]}}