{"id":37142,"date":"2017-12-15T09:44:55","date_gmt":"2017-12-15T11:44:55","guid":{"rendered":"http:\/\/catolicanet.net\/wp-cnet\/?p=37142"},"modified":"2018-01-29T13:25:25","modified_gmt":"2018-01-29T15:25:25","slug":"papa-encontra-no-vaticano-membros-da-alianca-evangelica-mundial","status":"publish","type":"post","link":"https:\/\/catolicanet.net\/wp-cnet\/papa-encontra-no-vaticano-membros-da-alianca-evangelica-mundial\/","title":{"rendered":"Papa encontra no Vaticano membros da Alian\u00e7a Evang\u00e9lica Mundial"},"content":{"rendered":"<table class=\"contentpaneopen\">\n<tbody>\n<tr>\n<td valign=\"top\">Sobretudo temas ecum\u00eanicos marcaram o encontro privado nesta quinta-feira, 14 de dezembro, entre o Papa Francisco e membros da presid\u00eancia da Alian\u00e7a Evang\u00e9lica Mundial.<\/p>\n<p>Sorin Mure\u015fan, respons\u00e1vel pelos servi\u00e7os sociais da Alian\u00e7a Evang\u00e9lica, estava no encontro. Eis o que declarou \u00e0 RV ap\u00f3s a audi\u00eancia:<\/p>\n<p>\u201cEncontramos o Papa para uma discuss\u00e3o ecum\u00eanica sobre como encontrar um caminho comum. No m\u00eas de outubro deste ano foram publicados dois documentos da Alian\u00e7a Evang\u00e9lica Mundial sobre temas teol\u00f3gicos. Hoje, com o Papa, tivemos aa inten\u00e7\u00e3o de propor a cria\u00e7\u00e3o de um Comit\u00ea Permanente de di\u00e1logo entre a Igreja Cat\u00f3lica, que \u00e9 a maior Igreja do mundo, e a Alian\u00e7a Evang\u00e9lica Mundial. Pensamos que o papa tem uma abertura especial. \u00c9 muito f\u00e1cil falar com ele\u201d.<\/p>\n<p>Nascimento da Alian\u00e7a Evang\u00e9lica<\/p>\n<p>A hist\u00f3ria deste organismo est\u00e1 ligada ao s\u00e9culo XIX. A ideia de uma Alian\u00e7a Evang\u00e9lica, voltada \u00e0 comunh\u00e3o e \u00e0 coopera\u00e7\u00e3o entre crist\u00e3os evang\u00e9licos de diversos pa\u00edses, difundiu-se pela primeira vez na Inglaterra, em 1848.<\/p>\n<p>Em uma Europa sacudida por slogans revolucion\u00e1rios, os fundadores da Alian\u00e7a declaram-se \u201cprofundamente persuadidos\u201d quanto \u00e0 necessidade de \u201cformar uma confedera\u00e7\u00e3o com base nos princ\u00edpios evang\u00e9licos e que recebia um apoio comum\u201d.<\/p>\n<p>A iniciativa \u00e9 sucessivamente imitada em um crescente n\u00famero de pa\u00edses. Grande parte destas alian\u00e7as evang\u00e9licas nacionais convergiram mais tarde na Alian\u00e7a Evang\u00e9lica Mundial.<\/p>\n<p>Ora\u00e7\u00e3o e caridade<\/p>\n<p>No decorrer do primeiro s\u00e9culo de sua exist\u00eancia, a Alian\u00e7a apoiou m\u00faltiplos projetos, entre os quais, diversas iniciativas para a promo\u00e7\u00e3o de uma semana de ora\u00e7\u00e3o em todo o mundo.<\/p>\n<p>Em 1958 nasce a Alian\u00e7a Evang\u00e9lica Mission\u00e1ria que re\u00fane quase todas as sociedades mission\u00e1rias evang\u00e9licas.<\/p>\n<p>Em 1973 \u00e9 fundada a ag\u00eancia humanit\u00e1ria Tearfund, comprometida em obras caritativas em diversos pa\u00edses. Em 2004, gra\u00e7as a esta ONG de inspira\u00e7\u00e3o crist\u00e3, s\u00e3o ajudadas mais de 700 mil pessoas de pa\u00edses do sudeste asi\u00e1tico \u2013 entre os quais Sri Lanka e Indon\u00e9sia \u2013 devastados pelo terremoto e por um tsunami.<\/p>\n<p>&nbsp;<\/p>\n<p>Fonte: CNBB<\/td>\n<\/tr>\n<tr>\n<td>\n<div><\/div>\n<\/td>\n<\/tr>\n<\/tbody>\n<\/table>\n","protected":false},"excerpt":{"rendered":"<p>Sobretudo temas ecum\u00eanicos marcaram o encontro privado nesta quinta-feira, 14 de dezembro, entre o Papa Francisco e membros da presid\u00eancia da Alian\u00e7a Evang\u00e9lica Mundial. Sorin Mure\u015fan, respons\u00e1vel pelos servi\u00e7os sociais da Alian\u00e7a Evang\u00e9lica, estava no encontro. Eis o que declarou \u00e0 RV ap\u00f3s a audi\u00eancia: \u201cEncontramos o Papa para uma discuss\u00e3o ecum\u00eanica sobre como encontrar [&hellip;]<\/p>\n","protected":false},"author":1,"featured_media":37143,"comment_status":"open","ping_status":"closed","sticky":false,"template":"","format":"standard","meta":{"footnotes":""},"categories":[7],"tags":[],"class_list":["post-37142","post","type-post","status-publish","format-standard","has-post-thumbnail","hentry","category-cnbb"],"_links":{"self":[{"href":"https:\/\/catolicanet.net\/wp-cnet\/wp-json\/wp\/v2\/posts\/37142","targetHints":{"allow":["GET"]}}],"collection":[{"href":"https:\/\/catolicanet.net\/wp-cnet\/wp-json\/wp\/v2\/posts"}],"about":[{"href":"https:\/\/catolicanet.net\/wp-cnet\/wp-json\/wp\/v2\/types\/post"}],"author":[{"embeddable":true,"href":"https:\/\/catolicanet.net\/wp-cnet\/wp-json\/wp\/v2\/users\/1"}],"replies":[{"embeddable":true,"href":"https:\/\/catolicanet.net\/wp-cnet\/wp-json\/wp\/v2\/comments?post=37142"}],"version-history":[{"count":1,"href":"https:\/\/catolicanet.net\/wp-cnet\/wp-json\/wp\/v2\/posts\/37142\/revisions"}],"predecessor-version":[{"id":37144,"href":"https:\/\/catolicanet.net\/wp-cnet\/wp-json\/wp\/v2\/posts\/37142\/revisions\/37144"}],"wp:featuredmedia":[{"embeddable":true,"href":"https:\/\/catolicanet.net\/wp-cnet\/wp-json\/wp\/v2\/media\/37143"}],"wp:attachment":[{"href":"https:\/\/catolicanet.net\/wp-cnet\/wp-json\/wp\/v2\/media?parent=37142"}],"wp:term":[{"taxonomy":"category","embeddable":true,"href":"https:\/\/catolicanet.net\/wp-cnet\/wp-json\/wp\/v2\/categories?post=37142"},{"taxonomy":"post_tag","embeddable":true,"href":"https:\/\/catolicanet.net\/wp-cnet\/wp-json\/wp\/v2\/tags?post=37142"}],"curies":[{"name":"wp","href":"https:\/\/api.w.org\/{rel}","templated":true}]}}