{"id":3710,"date":"2013-12-16T12:51:54","date_gmt":"2013-12-16T14:51:54","guid":{"rendered":"http:\/\/catolicanet.net\/wp-cnet\/nova-entrevista-do-papa-ao-diario-qla-stampaq-de-turim-andrea-torniello\/"},"modified":"2017-03-24T14:22:42","modified_gmt":"2017-03-24T17:22:42","slug":"nova-entrevista-do-papa-ao-diario-qla-stampaq-de-turim-andrea-torniello","status":"publish","type":"post","link":"https:\/\/catolicanet.net\/wp-cnet\/nova-entrevista-do-papa-ao-diario-qla-stampaq-de-turim-andrea-torniello\/","title":{"rendered":"Nova entrevista do Papa: ao di\u00e1rio &#8220;La Stampa&#8221; de Turim (Andrea Torniello)"},"content":{"rendered":"<p style=\"text-align: justify;\"><img decoding=\"async\" src=\"http:\/\/www.catolicanet.com.br\/images\/stories\/papaacenando.jpg\" border=\"0\" align=\"left\" \/>\u201cPara mim o Natal \u00e9 esperan\u00e7a e ternura\u2026\u201d \u2013 come\u00e7a assim, com uma reflex\u00e3o sobre o sentido do Natal, a entrevista que Papa Francisco deu a um jornalista do quotidiano de Turim, \u201cLa Stampa\u201d. Um col\u00f3quio de uma hora e meia, no qual o Santo Padre fala por exemplo do sofrimento das crian\u00e7as e do drama da fome no mundo, das rela\u00e7\u00f5es entre a Igreja Cat\u00f3lica e as outras confiss\u00f5es crist\u00e3s, das quest\u00f5es do matrim\u00f3nio e da fam\u00edlia de que tratar\u00e1 o pr\u00f3ximo S\u00ednodo.<\/p>\n<p>\u00c9 o primeiro Natal deste pontificado e \u00e9 com a sua habitual simplicidade, desarmante, que o Papa Francisco explica como o viver: \u201c\u00c9 o encontro com Jesus. \u00c9 o encontro de Deus com o seu povo. E \u00e9 tamb\u00e9m uma consola\u00e7\u00e3o, um mist\u00e9rio de consola\u00e7\u00e3o. O Natal fala-nos de ternura e de esperan\u00e7a\u201d. O Papa convida os crist\u00e3os a n\u00e3o se tornarem uma \u201cIgreja fria\u201d, que n\u00e3o sabe aonde andar e se deixa enredar em ideologias e em atitudes mundanas. &#8220;Quando n\u00e3o se tem a capacidade ou se se encontra numa situa\u00e7\u00e3o humana que n\u00e3o lhe permite compreender esta alegria, vive-se a festa com a alegria mundana. Mas h\u00e1 diferen\u00e7a entre a alegria profunda e a alegria mundana.&#8221;<\/p>\n<p>Na sua entrevista a &#8220;La Stampa&#8221;, publicada neste domingo, o Papa evoca os 50 anos da hist\u00f3rica visita de Paulo VI \u00e0 Terra Santa e exprime o desejo e a esperan\u00e7a de visitar tamb\u00e9m ele no pr\u00f3ximo ano a Terra Santa para encontrar aquele a quem define como &#8220;o meu irm\u00e3o Bartolomeu, Patriarca de Constantinopla&#8221;.<\/p>\n<p>O Santo Padre aborda tamb\u00e9m o tema do sofrimento inocente das crian\u00e7as, para o qual n\u00e3o existe um porqu\u00ea. N\u00e3o resta sen\u00e3o confiar em Deus, &#8220;confiar no seu olhar&#8221;, diz o Papa Francisco. E a dor das crian\u00e7as \u00e9 vis\u00edvel tamb\u00e9m na situa\u00e7\u00e3o de fome. O Pont\u00edfice convida a sair da indiferen\u00e7a e a evitar desperd\u00edcios.<\/p>\n<p>A b\u00fassola do Papa \u00e9 a Doutrina Social da Igreja, como explica ele mesmo, referindo-se \u00e0 Exorta\u00e7\u00e3o apost\u00f3lica Evangelii Gaudium e a algumas cr\u00edticas que lhe foram feitas por alguns ambientes ligados \u00e0 economia capitalista. A preocupa\u00e7\u00e3o do Santo Padre s\u00e3o os pobres e o ver que a economia nunca consegue melhorar a condi\u00e7\u00e3o deles, mesmo em per\u00edodos de prosperidade.<\/p>\n<p>Ao jornalista que lhe perguntava se se sentia ofendido por ter sido definido &#8220;marxista&#8221;, o Papa reconhece que o marxismo \u00e9 uma ideologia err\u00f3nea, mas declara ter conhecido muitos marxistas que eram boas pessoas<br \/>Quanto \u00e0s afirma\u00e7\u00f5es mais fortes da Exorta\u00e7\u00e3o Apost\u00f3lica, contra a \u201ceconomia que mata\u201d, o Papa sublinha que n\u00e3o h\u00e1 ali nada que n\u00e3o fa\u00e7a parte da doutrina social da Igreja . E acrescenta que n\u00e3o falou do ponto de vista t\u00e9cnico, tendo-se limitado a propor uma fotografia do que existe<\/p>\n<p>O Papa declara que a unidade dos crist\u00e3os \u00e9 uma prioridade. E recorda que hoje em dia existe o &#8220;ecumenismo do sangue&#8221;, diz o Santo Padre: em muitos pa\u00edses os crist\u00e3os s\u00e3o assassinados indistintamente. Em todo o caso, a unidade \u00e9 uma gra\u00e7a que ainda deve ser alcan\u00e7ada.<\/p>\n<p>Sobre a quest\u00e3o dos sacramentos aos divorciados e pessoas que voltaram a casar, o Papa n\u00e3o se pronuncia, aguardando o Consist\u00f3rio de fevereiro pr\u00f3ximo e o S\u00ednodo extraordin\u00e1rio de outubro de 2014, mas ressalta a necessidade de recorrer \u00e0 prud\u00eancia &#8220;n\u00e3o como atitude paralisante, mas como virtude de quem governa&#8221;.<\/p>\n<p>Respondendo \u00e0 quest\u00e3o da justa rela\u00e7\u00e3o entre Igreja e pol\u00edtica, o Papa considera que aquela h\u00e1-de ser ao mesmo tempo paralela e convergente: completando-se em v\u00e1rios \u00e2mbitos e com diferentes tarefas, mas convergindo para servir as pessoas. &#8220;A pol\u00edtica \u00e9 nobre \u2013 diz, citando Paulo VI \u2013 \u00e9 uma das formas mais altas de caridade. Manchamos a pol\u00edtica quando a usamos para fazer neg\u00f3cios.&#8221;<\/p>\n<p>A concluir, sobre a figura da mulher na Igreja, o Papa recorda que esta deve ser valorizada, mas n\u00e3o &#8220;clericalizada&#8221;.<\/p>\n<p style=\"text-align: justify;\">\u00a0<\/p>\n<p style=\"text-align: justify;\"><strong>Local: Cidade do Vaticano<br \/>Fonte: R\u00e1dio Vaticano<\/strong><\/p>\n","protected":false},"excerpt":{"rendered":"<p>\u201cPara mim o Natal \u00e9 esperan\u00e7a e ternura\u2026\u201d \u2013 come\u00e7a assim, com uma reflex\u00e3o sobre o sentido do Natal, a entrevista que Papa Francisco deu a um jornalista do quotidiano de Turim, \u201cLa Stampa\u201d. Um col\u00f3quio de uma hora e meia, no qual o Santo Padre fala por exemplo do sofrimento das crian\u00e7as e do [&hellip;]<\/p>\n","protected":false},"author":1,"featured_media":3709,"comment_status":"closed","ping_status":"closed","sticky":false,"template":"","format":"standard","meta":{"footnotes":""},"categories":[3],"tags":[],"class_list":["post-3710","post","type-post","status-publish","format-standard","has-post-thumbnail","hentry","category-vaticano"],"_links":{"self":[{"href":"https:\/\/catolicanet.net\/wp-cnet\/wp-json\/wp\/v2\/posts\/3710","targetHints":{"allow":["GET"]}}],"collection":[{"href":"https:\/\/catolicanet.net\/wp-cnet\/wp-json\/wp\/v2\/posts"}],"about":[{"href":"https:\/\/catolicanet.net\/wp-cnet\/wp-json\/wp\/v2\/types\/post"}],"author":[{"embeddable":true,"href":"https:\/\/catolicanet.net\/wp-cnet\/wp-json\/wp\/v2\/users\/1"}],"replies":[{"embeddable":true,"href":"https:\/\/catolicanet.net\/wp-cnet\/wp-json\/wp\/v2\/comments?post=3710"}],"version-history":[{"count":1,"href":"https:\/\/catolicanet.net\/wp-cnet\/wp-json\/wp\/v2\/posts\/3710\/revisions"}],"predecessor-version":[{"id":8010,"href":"https:\/\/catolicanet.net\/wp-cnet\/wp-json\/wp\/v2\/posts\/3710\/revisions\/8010"}],"wp:featuredmedia":[{"embeddable":true,"href":"https:\/\/catolicanet.net\/wp-cnet\/wp-json\/wp\/v2\/media\/3709"}],"wp:attachment":[{"href":"https:\/\/catolicanet.net\/wp-cnet\/wp-json\/wp\/v2\/media?parent=3710"}],"wp:term":[{"taxonomy":"category","embeddable":true,"href":"https:\/\/catolicanet.net\/wp-cnet\/wp-json\/wp\/v2\/categories?post=3710"},{"taxonomy":"post_tag","embeddable":true,"href":"https:\/\/catolicanet.net\/wp-cnet\/wp-json\/wp\/v2\/tags?post=3710"}],"curies":[{"name":"wp","href":"https:\/\/api.w.org\/{rel}","templated":true}]}}