{"id":37098,"date":"2017-12-13T12:46:35","date_gmt":"2017-12-13T14:46:35","guid":{"rendered":"http:\/\/catolicanet.net\/wp-cnet\/?p=37098"},"modified":"2018-01-24T14:32:30","modified_gmt":"2018-01-24T16:32:30","slug":"por-que-ir-a-missa-aos-domingos-o-papa-responde","status":"publish","type":"post","link":"https:\/\/catolicanet.net\/wp-cnet\/por-que-ir-a-missa-aos-domingos-o-papa-responde\/","title":{"rendered":"Por que ir \u00e0 missa aos domingos? O Papa responde"},"content":{"rendered":"<p>Cidade do Vaticano<\/p>\n<p>Quarta-feira, dia de audi\u00eancia geral na Sala Paulo VI. Cerca de 7 mil pessoas participaram do encontro semanal com o Papa. Retomando o caminho de reflex\u00f5es sobre a Missa, Francisco questionou hoje: \u2018Por que ir \u00e0 missa aos domingos?\u2019<\/p>\n<p>&nbsp;<\/p>\n<p><a href=\"http:\/\/media02.radiovaticana.va\/audio\/audio2\/mp3\/00605950.mp3\">Clique aqui para ouvir:<\/a><\/p>\n<p>&nbsp;<\/p>\n<p>Foi no primeiro dia que Ele ressuscitou<\/p>\n<p>Desde os primeiros tempos, os disc\u00edpulos de Jesus celebravam o encontro eucar\u00edstico com o Senhor no dia que os judeus chamavam \u2018o primeiro da semana\u2019 e os romanos \u2018o dia do sol\u2019.<\/p>\n<p>Depois da P\u00e1scoa, os disc\u00edpulos de Jesus acostumaram-se a esperar a visita do seu divino Mestre no primeiro dia da semana; foi nesse dia que Ele ressuscitou e veio encontrar-Se com eles no Cen\u00e1culo, falando e comendo com eles e dando-lhes o Esp\u00edrito Santo. Este encontro se repetiria oito dias depois, j\u00e1 com a presen\u00e7a de Tom\u00e9.<\/p>\n<p>Domingo, dia do Senhor: \u00e9 Ele que nos encontra<\/p>\n<p>E assim, aos poucos, o primeiro dia da semana passou a ser chamado pelos crist\u00e3os \u2018o dia do Senhor\u2019, ou seja, o domingo.<\/p>\n<p>\u201cA celebra\u00e7\u00e3o dominical da Eucaristia est\u00e1 no centro da vida da Igreja: n\u00f3s vamos \u00e0 missa para encontramos o Senhor ressuscitado, ou melhor, para nos deixarmos encontrar por ele\u201d, disse o Papa, explicando:<\/p>\n<p>\u00c9 a missa que faz crist\u00e3o o domingo<\/p>\n<p>\u201cOuvir a sua palavra, alimentar-nos \u00e0 sua mesa e assim, nos tornarmos Igreja, o seu corpo m\u00edstico vivo hoje no mundo. Por isso, o domingo \u00e9\u00a0 para n\u00f3s um dia santo: santificado pela celebra\u00e7\u00e3o eucar\u00edstica, presen\u00e7a viva do Senhor para n\u00f3s e entre n\u00f3s. \u00c9 a Missa que faz crist\u00e3o o domingo\u201d.<\/p>\n<p>Entretanto, recordou o Papa:<\/p>\n<p>\u201cInfelizmente h\u00e1 comunidades crist\u00e3s que n\u00e3o podem ter Missa todos os domingos; mas tamb\u00e9m elas s\u00e3o chamadas a recolher-se em ora\u00e7\u00e3o, nesse dia, ouvindo a Palavra de Deus e mantendo vivo o desejo da Eucaristia\u201d.<\/p>\n<p>\u201cSem Cristo, estamos condenados a ser dominados pelo cansa\u00e7o do dia-a-dia com as suas preocupa\u00e7\u00f5es e pelo medo do futuro. O encontro dominical com Jesus d\u00e1-nos a for\u00e7a de que necessitamos para viver com coragem e esperan\u00e7a os nossos dias\u201d.<\/p>\n<p>A conclus\u00e3o<\/p>\n<p>Concluindo, por que ir \u00e0 missa aos domingos?<\/p>\n<p>&nbsp;<\/p>\n<p><a href=\"https:\/\/www.youtube.com\/watch?v=HDljV-lbcm4\">Clique aqui para assistir o v\u00eddeo:<\/a><\/p>\n<p>&nbsp;<\/p>\n<p>\u201cN\u00e3o \u00e9 suficiente responder que isto \u00e9 um preceito da Igreja. N\u00f3s crist\u00e3os precisamos participar da missa dominical porque somente com a gra\u00e7a de Jesus, com a sua presen\u00e7a viva em n\u00f3s e entre n\u00f3s, podemos colocar em pr\u00e1tica o seu mandamento e sermos testemunhas cr\u00edveis\u201d.<\/p>\n<p>Mais ainda, a comunh\u00e3o eucar\u00edstica com Jesus ressuscitado antecipa aquele domingo sem ocaso em que toda a humanidade entrar\u00e1 no repouso de Deus.<\/p>\n<p>&nbsp;<\/p>\n<p>Fonte: R\u00e1dio Vaticano<\/p>\n","protected":false},"excerpt":{"rendered":"<p>Cidade do Vaticano Quarta-feira, dia de audi\u00eancia geral na Sala Paulo VI. Cerca de 7 mil pessoas participaram do encontro semanal com o Papa. Retomando o caminho de reflex\u00f5es sobre a Missa, Francisco questionou hoje: \u2018Por que ir \u00e0 missa aos domingos?\u2019 &nbsp; Clique aqui para ouvir: &nbsp; Foi no primeiro dia que Ele ressuscitou [&hellip;]<\/p>\n","protected":false},"author":1,"featured_media":37099,"comment_status":"open","ping_status":"closed","sticky":false,"template":"","format":"standard","meta":{"footnotes":""},"categories":[3],"tags":[],"class_list":["post-37098","post","type-post","status-publish","format-standard","has-post-thumbnail","hentry","category-vaticano"],"_links":{"self":[{"href":"https:\/\/catolicanet.net\/wp-cnet\/wp-json\/wp\/v2\/posts\/37098","targetHints":{"allow":["GET"]}}],"collection":[{"href":"https:\/\/catolicanet.net\/wp-cnet\/wp-json\/wp\/v2\/posts"}],"about":[{"href":"https:\/\/catolicanet.net\/wp-cnet\/wp-json\/wp\/v2\/types\/post"}],"author":[{"embeddable":true,"href":"https:\/\/catolicanet.net\/wp-cnet\/wp-json\/wp\/v2\/users\/1"}],"replies":[{"embeddable":true,"href":"https:\/\/catolicanet.net\/wp-cnet\/wp-json\/wp\/v2\/comments?post=37098"}],"version-history":[{"count":1,"href":"https:\/\/catolicanet.net\/wp-cnet\/wp-json\/wp\/v2\/posts\/37098\/revisions"}],"predecessor-version":[{"id":37100,"href":"https:\/\/catolicanet.net\/wp-cnet\/wp-json\/wp\/v2\/posts\/37098\/revisions\/37100"}],"wp:featuredmedia":[{"embeddable":true,"href":"https:\/\/catolicanet.net\/wp-cnet\/wp-json\/wp\/v2\/media\/37099"}],"wp:attachment":[{"href":"https:\/\/catolicanet.net\/wp-cnet\/wp-json\/wp\/v2\/media?parent=37098"}],"wp:term":[{"taxonomy":"category","embeddable":true,"href":"https:\/\/catolicanet.net\/wp-cnet\/wp-json\/wp\/v2\/categories?post=37098"},{"taxonomy":"post_tag","embeddable":true,"href":"https:\/\/catolicanet.net\/wp-cnet\/wp-json\/wp\/v2\/tags?post=37098"}],"curies":[{"name":"wp","href":"https:\/\/api.w.org\/{rel}","templated":true}]}}