{"id":37007,"date":"2017-12-11T10:23:37","date_gmt":"2017-12-11T12:23:37","guid":{"rendered":"http:\/\/catolicanet.net\/wp-cnet\/?p=37007"},"modified":"2017-12-11T13:59:35","modified_gmt":"2017-12-11T15:59:35","slug":"papa-e-preciso-deixar-se-consolar-pelo-senhor","status":"publish","type":"post","link":"https:\/\/catolicanet.net\/wp-cnet\/papa-e-preciso-deixar-se-consolar-pelo-senhor\/","title":{"rendered":"Papa: \u00e9 preciso deixar-se consolar pelo Senhor"},"content":{"rendered":"<p>Cidade do Vaticano \u2013 O Papa iniciou a segunda-feira (11\/12) presidindo a missa na capela de sua resid\u00eancia, a Casa Santa Marta.<\/p>\n<p>Em sua homilia, Francisco comentou a primeira leitura, extra\u00edda do Profeta Isa\u00edas (Is 35,1-10), na qual o Senhor promete ao seu povo a consola\u00e7\u00e3o. \u201cO Senhor veio para nos consolar\u201d, afirmou o Papa, acrescentando\u00a0 que \u201cmuitas vezes a consola\u00e7\u00e3o do Senhor nos parece uma maravilha\u201d.<\/p>\n<p>&nbsp;<\/p>\n<p><a href=\"http:\/\/media02.radiovaticana.va\/audio\/audio2\/mp3\/00605718.mp3\">Clique aqui para ouvir:<\/a><\/p>\n<p>&nbsp;<\/p>\n<p>\u201cMas n\u00e3o \u00e9 f\u00e1cil deixar-se consolar; \u00e9 mais f\u00e1cil consolar os outros do que deixar-se consolar. Porque, muitas vezes, n\u00f3s ficamos presos ao negativo, ficamos presos \u00e0 ferida do pecado dentro de n\u00f3s e, muitas vezes, h\u00e1 a prefer\u00eancia por permanecer ali, sozinho, ou seja, na cama, como aquele do Evangelho, isolado, ali, e n\u00e3o levantar-se. \u201cLevante-se\u201d \u00e9 a palavra de Jesus, sempre: \u2018Levante-se\u201d.<\/p>\n<p>O problema \u00e9 que no \u201cnegativo somos donos\u201d , porque temos dentro a ferida do pecado, enquanto \u201cno positivo somos mendicantes\u201d e n\u00e3o gostamos de mendigar a consola\u00e7\u00e3o.<\/p>\n<p>Francisco usou dois exemplos: quando se prefere \u201co rancor\u201d e \u201ccozinhamos os nossos sentimentos\u201d na canja do ressentimento, quando h\u00e1 um cora\u00e7\u00e3o amargo\u201d, quando o nosso tesouro \u00e9 a nossa amargura. Ele citou o paral\u00edtico da piscina de Silo\u00e9: 38 anos com a sua amargura dizendo que quando as \u00e1guas se mexiam ningu\u00e9m o ajudava. \u201cPara esses cora\u00e7\u00f5es amargos, \u00e9 mais belo o amargo do que o doce\u201d, muitas pessoas preferem isso: \u201craiz amarga\u201d, \u201cque nos leva com a mem\u00f3ria ao pecado original. E este \u00e9 justamente um modo para n\u00e3o deixar-se consolar.<\/p>\n<p>E depois a amargura \u201csempre nos leva a express\u00f5es de lamenta\u00e7\u00e3o\u201d: os homens que se lamentam diante de Deus ao inv\u00e9s de louv\u00e1-lo: lamenta\u00e7\u00f5es como m\u00fasica que acompanha a vida.<\/p>\n<p>O Papa cita o Profeta Jonas, \u201cpr\u00eamio Nobel das lamenta\u00e7\u00f5es\u201d , que fugiu de Deus porque se queixava que o Senhor lhe faria algo, mas acabou afogando e engolido pelo peixe e, depois, voltou para a miss\u00e3o. E ao inv\u00e9s de alegrar-se pela convers\u00e3o das pessoas, se lamentava porque Deus as salvava. \u201cTamb\u00e9m nas lamenta\u00e7\u00f5es h\u00e1 coisas contradit\u00f3rias\u201d, evidenciou o Pont\u00edfice, contando que conheceu um bom sacerdote que, por\u00e9m, se lamentava de tudo: \u201ctinha a qualidade de encontrar a mosca no leite\u201d ou o pelo no ovo, como dir\u00edamos em portugu\u00eas:<\/p>\n<p>\u201cEra um bom sacerdote, no confession\u00e1rio diziam que era muito misericordioso, era idoso e os seus companheiros de presbit\u00e9rio imaginavam como seria a sua morte e sua chegada ao c\u00e9u: \u2018A primeira coisa que diria a S\u00e3o Pedro, ao inv\u00e9s de saud\u00e1-lo, seria: \u2018Onde est\u00e1 o inferno?\u2019, sempre o negativo. E S\u00e3o Pedro lhe mostraria o inferno. E depois\u2026: \u2018Mas quantos condenados existem? &#8211; \u2018Somente um\u2019- \u2018Ah, que desastre a reden\u00e7\u00e3o\u2026\u201d. Sempre&#8230; isso acontece. E diante da amargura, do rancor, das lamenta\u00e7\u00f5es, a palavra da Igreja de hoje \u00e9 \u201ccoragem\u201d, \u201ccoragem\u201d\u201d.<\/p>\n<p>Isa\u00edas convida \u00e0 coragem, porque Deus \u2018vem te salvar\u2019, recorda. Em seguida, o Papa dirige seu pensamento ao Evangelho do dia: quando algumas pessoas v\u00e3o ao teto porque havia muita gente e descem o paral\u00edtico para coloc\u00e1-lo diante de Jesus. N\u00e3o tinham pensado que ali estavam os escribas ou outros, queriam somente a cura daquele homem.<\/p>\n<p>A mensagem da Liturgia de hoje \u2013 conclui o Papa \u2013 \u00e9 o de se deixar consolar pelo Senhor.<\/p>\n<p>\u201cE n\u00e3o \u00e9 f\u00e1cil porque para deixar-se consolar pelo Senhor \u00e9 preciso despojar-se de nossos ego\u00edsmos, daquelas coisas que s\u00e3o o pr\u00f3prio tesouro, como as amarguras, as reclama\u00e7\u00f5es, tantas coisas. Faria bem hoje se cada um de n\u00f3s fizesse um exame de consci\u00eancia: como est\u00e1 o meu cora\u00e7\u00e3o? Tem amarguras? Alguma tristeza? Como vai a minha linguagem? \u00c9 de louvor a Deus, de beleza, ou sempre de lamenta\u00e7\u00f5es? E depois, pedir ao Senhor a gra\u00e7a da coragem &#8211; porque na coragem Ele vem nos consolar \u2013 e pedir-Lhe: Senhor: venha nos consolar\u201d.<\/p>\n<p>&nbsp;<\/p>\n<p>Fonte: R\u00e1dio Vaticano<\/p>\n","protected":false},"excerpt":{"rendered":"<p>Cidade do Vaticano \u2013 O Papa iniciou a segunda-feira (11\/12) presidindo a missa na capela de sua resid\u00eancia, a Casa Santa Marta. Em sua homilia, Francisco comentou a primeira leitura, extra\u00edda do Profeta Isa\u00edas (Is 35,1-10), na qual o Senhor promete ao seu povo a consola\u00e7\u00e3o. \u201cO Senhor veio para nos consolar\u201d, afirmou o Papa, [&hellip;]<\/p>\n","protected":false},"author":1,"featured_media":37008,"comment_status":"open","ping_status":"closed","sticky":false,"template":"","format":"standard","meta":{"footnotes":""},"categories":[3],"tags":[],"class_list":["post-37007","post","type-post","status-publish","format-standard","has-post-thumbnail","hentry","category-vaticano"],"_links":{"self":[{"href":"https:\/\/catolicanet.net\/wp-cnet\/wp-json\/wp\/v2\/posts\/37007","targetHints":{"allow":["GET"]}}],"collection":[{"href":"https:\/\/catolicanet.net\/wp-cnet\/wp-json\/wp\/v2\/posts"}],"about":[{"href":"https:\/\/catolicanet.net\/wp-cnet\/wp-json\/wp\/v2\/types\/post"}],"author":[{"embeddable":true,"href":"https:\/\/catolicanet.net\/wp-cnet\/wp-json\/wp\/v2\/users\/1"}],"replies":[{"embeddable":true,"href":"https:\/\/catolicanet.net\/wp-cnet\/wp-json\/wp\/v2\/comments?post=37007"}],"version-history":[{"count":1,"href":"https:\/\/catolicanet.net\/wp-cnet\/wp-json\/wp\/v2\/posts\/37007\/revisions"}],"predecessor-version":[{"id":37009,"href":"https:\/\/catolicanet.net\/wp-cnet\/wp-json\/wp\/v2\/posts\/37007\/revisions\/37009"}],"wp:featuredmedia":[{"embeddable":true,"href":"https:\/\/catolicanet.net\/wp-cnet\/wp-json\/wp\/v2\/media\/37008"}],"wp:attachment":[{"href":"https:\/\/catolicanet.net\/wp-cnet\/wp-json\/wp\/v2\/media?parent=37007"}],"wp:term":[{"taxonomy":"category","embeddable":true,"href":"https:\/\/catolicanet.net\/wp-cnet\/wp-json\/wp\/v2\/categories?post=37007"},{"taxonomy":"post_tag","embeddable":true,"href":"https:\/\/catolicanet.net\/wp-cnet\/wp-json\/wp\/v2\/tags?post=37007"}],"curies":[{"name":"wp","href":"https:\/\/api.w.org\/{rel}","templated":true}]}}