{"id":37001,"date":"2017-12-11T07:56:53","date_gmt":"2017-12-11T09:56:53","guid":{"rendered":"http:\/\/catolicanet.net\/wp-cnet\/?p=37001"},"modified":"2017-12-11T13:49:38","modified_gmt":"2017-12-11T15:49:38","slug":"bispos-realizam-assembleia-do-conselho-episcopal-do-rio-grande-do-sul-em-garibaldi","status":"publish","type":"post","link":"https:\/\/catolicanet.net\/wp-cnet\/bispos-realizam-assembleia-do-conselho-episcopal-do-rio-grande-do-sul-em-garibaldi\/","title":{"rendered":"Bispos realizam Assembleia do Conselho Episcopal do Rio Grande do Sul em Garibaldi"},"content":{"rendered":"<p>Nos dias 04 a 06 de dezembro de 2017, no Mosteiro S\u00e3o Jos\u00e9, em Garibaldi, reuniu-se o Conselho Episcopal Regional da CNBB Sul 3. Participaram vinte e quatro bispos diocesanos, bispos auxiliares e bispos em\u00e9ritos do Rio Grande do Sul e o secret\u00e1rio executivo do Regional, Pe. C\u00e9sar Leandro Padilha.<\/p>\n<p>Saiba mais: http:\/\/<a href=\"http:\/\/cnbbsul3.org.br\/assembleia-do-conselho-episcopal-do-rs-em-garibaldi.html\">cnbbsul3.org.br<\/a><\/p>\n<p>&nbsp;<\/p>\n<p>Fonte: CNBB<\/p>\n","protected":false},"excerpt":{"rendered":"<p>Nos dias 04 a 06 de dezembro de 2017, no Mosteiro S\u00e3o Jos\u00e9, em Garibaldi, reuniu-se o Conselho Episcopal Regional da CNBB Sul 3. Participaram vinte e quatro bispos diocesanos, bispos auxiliares e bispos em\u00e9ritos do Rio Grande do Sul e o secret\u00e1rio executivo do Regional, Pe. C\u00e9sar Leandro Padilha. Saiba mais: http:\/\/cnbbsul3.org.br &nbsp; Fonte: [&hellip;]<\/p>\n","protected":false},"author":1,"featured_media":37002,"comment_status":"open","ping_status":"closed","sticky":false,"template":"","format":"standard","meta":{"footnotes":""},"categories":[3],"tags":[],"class_list":["post-37001","post","type-post","status-publish","format-standard","has-post-thumbnail","hentry","category-vaticano"],"_links":{"self":[{"href":"https:\/\/catolicanet.net\/wp-cnet\/wp-json\/wp\/v2\/posts\/37001","targetHints":{"allow":["GET"]}}],"collection":[{"href":"https:\/\/catolicanet.net\/wp-cnet\/wp-json\/wp\/v2\/posts"}],"about":[{"href":"https:\/\/catolicanet.net\/wp-cnet\/wp-json\/wp\/v2\/types\/post"}],"author":[{"embeddable":true,"href":"https:\/\/catolicanet.net\/wp-cnet\/wp-json\/wp\/v2\/users\/1"}],"replies":[{"embeddable":true,"href":"https:\/\/catolicanet.net\/wp-cnet\/wp-json\/wp\/v2\/comments?post=37001"}],"version-history":[{"count":1,"href":"https:\/\/catolicanet.net\/wp-cnet\/wp-json\/wp\/v2\/posts\/37001\/revisions"}],"predecessor-version":[{"id":37003,"href":"https:\/\/catolicanet.net\/wp-cnet\/wp-json\/wp\/v2\/posts\/37001\/revisions\/37003"}],"wp:featuredmedia":[{"embeddable":true,"href":"https:\/\/catolicanet.net\/wp-cnet\/wp-json\/wp\/v2\/media\/37002"}],"wp:attachment":[{"href":"https:\/\/catolicanet.net\/wp-cnet\/wp-json\/wp\/v2\/media?parent=37001"}],"wp:term":[{"taxonomy":"category","embeddable":true,"href":"https:\/\/catolicanet.net\/wp-cnet\/wp-json\/wp\/v2\/categories?post=37001"},{"taxonomy":"post_tag","embeddable":true,"href":"https:\/\/catolicanet.net\/wp-cnet\/wp-json\/wp\/v2\/tags?post=37001"}],"curies":[{"name":"wp","href":"https:\/\/api.w.org\/{rel}","templated":true}]}}