{"id":3694,"date":"2013-12-13T12:03:04","date_gmt":"2013-12-13T14:03:04","guid":{"rendered":"http:\/\/catolicanet.net\/wp-cnet\/os-cristao-alergicos-aos-pregadores-fecham-se-ao-espirito-santo-o-papa-na-missa-desta-sexta-feira\/"},"modified":"2017-03-24T14:31:03","modified_gmt":"2017-03-24T17:31:03","slug":"os-cristao-alergicos-aos-pregadores-fecham-se-ao-espirito-santo-o-papa-na-missa-desta-sexta-feira","status":"publish","type":"post","link":"https:\/\/catolicanet.net\/wp-cnet\/os-cristao-alergicos-aos-pregadores-fecham-se-ao-espirito-santo-o-papa-na-missa-desta-sexta-feira\/","title":{"rendered":"Os crist\u00e3o al\u00e9rgicos aos pregadores fecham-se ao Esp\u00edrito Santo \u2013 o Papa na missa desta sexta-feira"},"content":{"rendered":"<p style=\"text-align: justify;\"><img decoding=\"async\" src=\"http:\/\/www.catolicanet.com.br\/images\/stories\/cristoesepapa.jpg\" border=\"0\" align=\"left\" \/>Nesta sexta-feira dia 13 de dezembro de 2013 comemoram-se 44 anos da ordena\u00e7\u00e3o presbiteral de Jorge Mario Bergoglio. Hoje investido das suas fun\u00e7\u00f5es de Bispo de Roma e de Pastor Universal da Igreja, o Papa Francisco continua a cumprir a sua miss\u00e3o sacerdotal a come\u00e7ar pela missa matinal na Capela da Casa de Santa Marta.<br \/>A Palavra de Deus no Evangelho deste dia prop\u00f5e a passagem em que Jesus compara a gera\u00e7\u00e3o do seu tempo \u00e0s crian\u00e7as sempre descontentes, que n\u00e3o sabem jogar com felicidade, n\u00e3o tocam , n\u00e3o dan\u00e7am&#8230; nada lhes est\u00e1 bem&#8230;! Aquela gente n\u00e3o era aberta \u00e0 Palavra de Deus \u2013 afirma o Papa &#8211; recusavam o mensageiro e n\u00e3o a mensagem. Recusaram Jo\u00e3o Batista porque diziam que ele n\u00e3o comia nem bebia e era um endemoniado! Recusam Jesus porque comia e bebia era amigo de publicanos e pecadores. Segundo o Santo Padre t\u00eam sempre um motivo para criticar:<\/p>\n<p>\u201c&#8230;a gente daquele tempo preferia refugiar-se numa religi\u00e3o mais elaborada: nos preceitos morais como os fariseus; no compromisso pol\u00edtico como os saduceus; na revolu\u00e7\u00e3o social como os zelotes. Tamb\u00e9m Jesus lhes faz avivar a mem\u00f3ria: \u2018Os vossos pais fizeram o mesmo com os profetas\u2019. O Povo de Deus tem uma certa alergia para com os pregadores da Palavra: os profetas, perseguiu-os e matou-os.\u201d<\/p>\n<p>\u201cEstes crist\u00e3o que s\u00e3o fechados, que est\u00e3o engaiolados, estes crist\u00e3os tristes&#8230; n\u00e3o s\u00e3o livres. Porqu\u00ea? Porque t\u00eam medo da liberdade do Esp\u00edrito Santo, que vem atrav\u00e9s da prega\u00e7\u00e3o. E este \u00e9 o esc\u00e2ndalo da prega\u00e7\u00e3o, do qual falava S\u00e3o Paulo: o esc\u00e2ndalo da prega\u00e7\u00e3o que acaba no esc\u00e2ndalo da Cruz. Escandaliza que Deus nos fale atrav\u00e9s de homens com limites, homens pecadores: escandaliza! E escandaliza mais que Deus no fale e nos salve atrav\u00e9s de um homem que diz que \u00e9 o Filho de Deus mas acaba como um criminoso. Aquilo escandaliza.\u201d<\/p>\n<p>\u201cEstes crist\u00e3os tristes\u201d \u2013 disse o Papa Francisco \u2013 \u201cn\u00e3o acreditam no Esp\u00edrito Santo, n\u00e3o acreditam naquela liberdade que vem da prega\u00e7\u00e3o, que te repreende, ensina-te, esbofeteia-te; mas \u00e9 precisamente a liberdade que faz crescer a Igreja\u201d \u2013 afirmou ainda o Santo Padre:<\/p>\n<p>\u201cVendo estas crian\u00e7as que t\u00eam medo de dan\u00e7ar, de chorar, t\u00eam medo de tudo, que pedem seguran\u00e7a em tudo, penso nestes crist\u00e3os tristes que sempre criticam os pregadores da Verdade, porque t\u00eam medo de abrir a porta ao Esp\u00edrito Santo. Rezemos por eles e tamb\u00e9m por n\u00f3s, para que n\u00e3o nos tornemos crist\u00e3os tristes que cortam ao Esp\u00edrito Santo a liberdade de vir at\u00e9 n\u00f3s atrav\u00e9s do esc\u00e2ndalo da prega\u00e7\u00e3o.\u201d<\/p>\n<p style=\"text-align: justify;\">\u00a0<\/p>\n<p style=\"text-align: justify;\"><strong>Local: Cidade do Vaticano<br \/>Fonte: R\u00e1dio Vaticano<\/strong><\/p>\n","protected":false},"excerpt":{"rendered":"<p>Nesta sexta-feira dia 13 de dezembro de 2013 comemoram-se 44 anos da ordena\u00e7\u00e3o presbiteral de Jorge Mario Bergoglio. Hoje investido das suas fun\u00e7\u00f5es de Bispo de Roma e de Pastor Universal da Igreja, o Papa Francisco continua a cumprir a sua miss\u00e3o sacerdotal a come\u00e7ar pela missa matinal na Capela da Casa de Santa Marta.A [&hellip;]<\/p>\n","protected":false},"author":1,"featured_media":3693,"comment_status":"closed","ping_status":"closed","sticky":false,"template":"","format":"standard","meta":{"footnotes":""},"categories":[3],"tags":[],"class_list":["post-3694","post","type-post","status-publish","format-standard","has-post-thumbnail","hentry","category-vaticano"],"_links":{"self":[{"href":"https:\/\/catolicanet.net\/wp-cnet\/wp-json\/wp\/v2\/posts\/3694","targetHints":{"allow":["GET"]}}],"collection":[{"href":"https:\/\/catolicanet.net\/wp-cnet\/wp-json\/wp\/v2\/posts"}],"about":[{"href":"https:\/\/catolicanet.net\/wp-cnet\/wp-json\/wp\/v2\/types\/post"}],"author":[{"embeddable":true,"href":"https:\/\/catolicanet.net\/wp-cnet\/wp-json\/wp\/v2\/users\/1"}],"replies":[{"embeddable":true,"href":"https:\/\/catolicanet.net\/wp-cnet\/wp-json\/wp\/v2\/comments?post=3694"}],"version-history":[{"count":1,"href":"https:\/\/catolicanet.net\/wp-cnet\/wp-json\/wp\/v2\/posts\/3694\/revisions"}],"predecessor-version":[{"id":8023,"href":"https:\/\/catolicanet.net\/wp-cnet\/wp-json\/wp\/v2\/posts\/3694\/revisions\/8023"}],"wp:featuredmedia":[{"embeddable":true,"href":"https:\/\/catolicanet.net\/wp-cnet\/wp-json\/wp\/v2\/media\/3693"}],"wp:attachment":[{"href":"https:\/\/catolicanet.net\/wp-cnet\/wp-json\/wp\/v2\/media?parent=3694"}],"wp:term":[{"taxonomy":"category","embeddable":true,"href":"https:\/\/catolicanet.net\/wp-cnet\/wp-json\/wp\/v2\/categories?post=3694"},{"taxonomy":"post_tag","embeddable":true,"href":"https:\/\/catolicanet.net\/wp-cnet\/wp-json\/wp\/v2\/tags?post=3694"}],"curies":[{"name":"wp","href":"https:\/\/api.w.org\/{rel}","templated":true}]}}