{"id":3692,"date":"2013-12-08T03:00:00","date_gmt":"2013-12-08T05:00:00","guid":{"rendered":"http:\/\/catolicanet.net\/wp-cnet\/21-anos-da-radio-catedral\/"},"modified":"2017-03-24T13:34:49","modified_gmt":"2017-03-24T16:34:49","slug":"21-anos-da-radio-catedral","status":"publish","type":"post","link":"https:\/\/catolicanet.net\/wp-cnet\/21-anos-da-radio-catedral\/","title":{"rendered":"21 anos da R\u00e1dio Catedral"},"content":{"rendered":"<p style=\"text-align: justify;\"><img decoding=\"async\" src=\"http:\/\/www.catolicanet.com.br\/images\/stories\/domorani.jpg\" border=\"0\" align=\"left\" \/><br \/><em><strong>Comunicando a verdade e proclamando a santidade!<\/strong><br \/><\/em><br \/>Tivemos a alegria, junto com a Solenidade da Imaculada Concei\u00e7\u00e3o, de relembrar a data que h\u00e1 vinte e um anos o nosso amado Predecessor, Cardeal Eug\u00eanio de Ara\u00fajo Salles, inaugurava a R\u00e1dio Catedral FM, um sonho que o grande Patriarca de nossa Igreja concretizava com a ajuda de muitos colaboradores.<br \/>No dia da Imaculada Concei\u00e7\u00e3o, na Par\u00f3quia N. Sra. da Concei\u00e7\u00e3o, no Bairro do Engenho Novo, \u00e0s 10hs, tive a gra\u00e7a de presidir a Santa Missa em honra da Imaculada Concei\u00e7\u00e3o, junto com a comemora\u00e7\u00e3o do anivers\u00e1rio da R\u00e1dio Catedral, nos seus vinte e um anos de funcionamento. V\u00e1rios concelebrantes, igreja superlotada, anima\u00e7\u00e3o e alegria de todos, funcion\u00e1rios da Funda\u00e7\u00e3o Catedral junto com o p\u00e1roco local agradecemos a Deus por tantos benef\u00edcios.<br \/> A R\u00c1DIO CATEDRAL FM atinge com pot\u00eancia de 25 Kw a cidade do Rio de Janeiro, os munic\u00edpios vizinhos, o sudeste de S\u00e3o Paulo e o sul de Minas Gerais, destacando-se desde ent\u00e3o em instala\u00e7\u00e3o e qualidade, como uma das melhores emissoras do Estado, mantendo suas caracter\u00edsticas pr\u00f3prias: evangeliza\u00e7\u00e3o, informa\u00e7\u00e3o, cultura e divers\u00e3o sadia. Com uma programa\u00e7\u00e3o variada, jornalismo din\u00e2mico e boa m\u00fasica, a R\u00e1dio Catedral FM procura atingir todos os segmentos de nossa sociedade. Nossa Funda\u00e7\u00e3o est\u00e1 se empenhando cada vez mais para que a Palavra de Deus esteja sempre presente no cora\u00e7\u00e3o da comunidade. <br \/>Nossa r\u00e1dio est\u00e1 na rede mundial de computadores no s\u00edtio www.radiocatedral.org.br, onde o ouvinte pode acessar informa\u00e7\u00f5es sobre a emissora e participar da programa\u00e7\u00e3o atrav\u00e9s de pedidos de m\u00fasicas e oferecimentos e ouvi-la em qualquer lugar do planeta. <br \/>Para marcar o anivers\u00e1rio da r\u00e1dio, lan\u00e7amos a campanha de multiplicar os seus j\u00e1 vinte e um mil colaboradores que, inscritos, mensalmente ajudam na manuten\u00e7\u00e3o de nossa R\u00e1dio Catedral, que tantos benef\u00edcios tem feito em favor da evangeliza\u00e7\u00e3o na nossa Arquidiocese.<br \/>A R\u00e1dio Catedral evangeliza e educa nos valores \u00e9ticos, c\u00edvicos, morais e religiosos. Ela prima a sua grade de programa\u00e7\u00e3o com profissionais de alta compet\u00eancia jornal\u00edstica e radiof\u00f4nica e tem sido a voz abalizada da Igreja na nossa Arquidiocese.<br \/>Nestes tempos conturbados em que muitas pessoas pregam, infelizmente, que \u00e9 poss\u00edvel viver sem Deus, a R\u00e1dio Catedral tem levado a Palavra de Deus \u00e0 nossa cidade. Devo ressaltar que tem crescido uma mentalidade em determinados setores, que querem calar a voz da Igreja Cat\u00f3lica e a sua presen\u00e7a nos meios radiof\u00f4nicos e televisivos. Mas devemos ficar alertas para os intolerantes que querem tirar Deus do centro da vida do povo brasileiro e, num verdadeiro cerceamento da liberdade religiosa, cassar ou mesmo proibir concess\u00f5es de r\u00e1dio e de televis\u00e3o para a Igreja. Isso porque nossos ve\u00edculos formam as consci\u00eancias em favor da busca da santidade. E a santidade se faz com \u00e9tica, respeito pelo outro, viv\u00eancia da paz, esp\u00edrito comunit\u00e1rio, sentido de solidariedade e de partilha.<br \/>No dia 27 de julho passado, o Papa Francisco falou pelos microfones da R\u00e1dio Catedral: &#8220;Bom dia, boa tarde a todos que est\u00e3o ouvindo. Agrade\u00e7o a aten\u00e7\u00e3o e agrade\u00e7o aqui aos integrantes da r\u00e1dio pela amabilidade por me darem o microfone. Agrade\u00e7o e estou olhando para o r\u00e1dio e vejo que os meios de comunica\u00e7\u00e3o s\u00e3o muito importantes. Eu diria que uma r\u00e1dio cat\u00f3lica, hoje em dia, \u00e9 o p\u00falpito mais pr\u00f3ximo que temos. \u00c9 de onde podemos anunciar os valores humanos, os valores religiosos e, sobretudo, anunciar Jesus Cristo. Dar ao Senhor essa gra\u00e7a de coloc\u00e1-Lo em nossas coisas. Assim, sa\u00fado a todos e agrade\u00e7o todo o esfor\u00e7o que faz esta arquidiocese para ter e manter uma r\u00e1dio que tem uma rede t\u00e3o grande. A todos que est\u00e3o me escutando, pe\u00e7o que rezem por mim, que rezem por esta r\u00e1dio, que rezem pelo bispo, que rezem pela Arquidiocese. Que todos possamos nos unir na ora\u00e7\u00e3o e que todos trabalhemos por uma cultura mais humanista, mais repleta de valores e que n\u00e3o deixemos ningu\u00e9m de fora. Que todos trabalhemos por esta palavra que, hoje em dia, n\u00e3o \u00e9 bem aceita: a solidariedade. \u00c9 uma palavra que procuram deixar de lado sempre, porque incomoda. Todavia, \u00e9 uma palavra que reflete os valores humanos e crist\u00e3os, que hoje nos pedem para ir contra; da cultura do descart\u00e1vel, de que tudo \u00e9 descart\u00e1vel. Uma cultura que sempre deixa as pessoas de fora: deixa \u00e0 margem as crian\u00e7as, deixa \u00e0 margem os jovens, deixa \u00e0 margem os idosos, deixa de fora os que n\u00e3o servem, os que n\u00e3o produzem, e isso n\u00e3o pode acontecer. Ao contr\u00e1rio, a solidariedade coloca todos dentro. Devem seguir trabalhando por esta cultura da solidariedade e pelo Evangelho&#8221;, orientou o Santo Padre.<br \/>Em s\u00edntese, o que estamos fazendo na R\u00e1dio Catedral \u00e9 irradiar os valores humanos e crist\u00e3os, de incluir as pessoas, de evangeliz\u00e1-los a partir da cultura da solidariedade e de an\u00fancio do Evangelho. Por isso, agrade\u00e7o aos vinte e um mil colaboradores da R\u00e1dio Catedral que est\u00e3o nos ajudando a manter o sistema de comunica\u00e7\u00e3o da Arquidiocese. Agrade\u00e7o a todos pela sua fidelidade e quero convidar a outros fi\u00e9is e pessoas de boa vontade que se inscrevam como &#8220;amigos da r\u00e1dio&#8221; e contribuintes em favor desta obra de f\u00e9 que faz parte de nosso sistema arquidiocesano de comunica\u00e7\u00e3o que ainda conta com o Jornal Testemunho de F\u00e9, com a Webtv Redentor e com o site da arquidiocese: http:\/\/arqrio.org<br \/>Louvamos e agradecemos a Deus os muitos benef\u00edcios que a nossa R\u00e1dio Catedral tem feito em favor da evangeliza\u00e7\u00e3o. A todos os que fazem ou fizeram parte desta hist\u00f3ria: que Deus os recompense. Como disse o Bem-Aventurado Jo\u00e3o Paulo II h\u00e1 vinte e um anos: que este novo passo na caminhada da evangeliza\u00e7\u00e3o concorra para a forma\u00e7\u00e3o cultural em favor da verdadeira arte e da autenticidade das not\u00edcias, tanto para a divulga\u00e7\u00e3o da doutrina e do ensino cat\u00f3lico e de tudo o que diz respeito \u00e0 vida da Igreja. Esses prop\u00f3sitos colocados pelo Beato Jo\u00e3o Paulo II t\u00eam sido a miss\u00e3o da R\u00e1dio Catedral. <br \/>Vamos continuar sendo amigos da R\u00e1dio Catedral e trabalhando com afinco para que essa miss\u00e3o contribua ainda mais na transforma\u00e7\u00e3o de nossa regi\u00e3o. Deus aben\u00e7oe a todos!<\/p>\n","protected":false},"excerpt":{"rendered":"<p>Comunicando a verdade e proclamando a santidade!Tivemos a alegria, junto com a Solenidade da Imaculada Concei\u00e7\u00e3o, de relembrar a data que h\u00e1 vinte e um anos o nosso amado Predecessor, Cardeal Eug\u00eanio de Ara\u00fajo Salles, inaugurava a R\u00e1dio Catedral FM, um sonho que o grande Patriarca de nossa Igreja concretizava com a ajuda de muitos [&hellip;]<\/p>\n","protected":false},"author":5,"featured_media":1370,"comment_status":"closed","ping_status":"closed","sticky":false,"template":"","format":"standard","meta":{"footnotes":""},"categories":[9],"tags":[],"class_list":["post-3692","post","type-post","status-publish","format-standard","has-post-thumbnail","hentry","category-artigos"],"_links":{"self":[{"href":"https:\/\/catolicanet.net\/wp-cnet\/wp-json\/wp\/v2\/posts\/3692","targetHints":{"allow":["GET"]}}],"collection":[{"href":"https:\/\/catolicanet.net\/wp-cnet\/wp-json\/wp\/v2\/posts"}],"about":[{"href":"https:\/\/catolicanet.net\/wp-cnet\/wp-json\/wp\/v2\/types\/post"}],"author":[{"embeddable":true,"href":"https:\/\/catolicanet.net\/wp-cnet\/wp-json\/wp\/v2\/users\/5"}],"replies":[{"embeddable":true,"href":"https:\/\/catolicanet.net\/wp-cnet\/wp-json\/wp\/v2\/comments?post=3692"}],"version-history":[{"count":1,"href":"https:\/\/catolicanet.net\/wp-cnet\/wp-json\/wp\/v2\/posts\/3692\/revisions"}],"predecessor-version":[{"id":7962,"href":"https:\/\/catolicanet.net\/wp-cnet\/wp-json\/wp\/v2\/posts\/3692\/revisions\/7962"}],"wp:featuredmedia":[{"embeddable":true,"href":"https:\/\/catolicanet.net\/wp-cnet\/wp-json\/wp\/v2\/media\/1370"}],"wp:attachment":[{"href":"https:\/\/catolicanet.net\/wp-cnet\/wp-json\/wp\/v2\/media?parent=3692"}],"wp:term":[{"taxonomy":"category","embeddable":true,"href":"https:\/\/catolicanet.net\/wp-cnet\/wp-json\/wp\/v2\/categories?post=3692"},{"taxonomy":"post_tag","embeddable":true,"href":"https:\/\/catolicanet.net\/wp-cnet\/wp-json\/wp\/v2\/tags?post=3692"}],"curies":[{"name":"wp","href":"https:\/\/api.w.org\/{rel}","templated":true}]}}