{"id":36919,"date":"2017-12-06T07:39:03","date_gmt":"2017-12-06T09:39:03","guid":{"rendered":"http:\/\/catolicanet.net\/wp-cnet\/?p=36919"},"modified":"2017-12-07T10:30:13","modified_gmt":"2017-12-07T12:30:13","slug":"a-origem-do-sofrimento-do-pobre","status":"publish","type":"post","link":"https:\/\/catolicanet.net\/wp-cnet\/a-origem-do-sofrimento-do-pobre\/","title":{"rendered":"A Origem do Sofrimento do Pobre"},"content":{"rendered":"<p>A humanidade est\u00e1 vivendo uma de suas maiores crises: o aumento da polariza\u00e7\u00e3o entre ricos e pobres. Este \u00e9 o tema do livro A origem do sofrimento pobre \u2013 Teologia e antiteologia no livro de J\u00f3 de Luiz Alexandre Solano Rossi. Os ricos agradecem a Deus nos mais diversos altares como se a riqueza fosse uma recompensa divina. Mas nenhum sistema econ\u00f4mico que produz injusti\u00e7a pode ser aben\u00e7oado. A obra traz a experi\u00eancia de J\u00f3, que proclama que n\u00e3o h\u00e1 rela\u00e7\u00e3o entre pecado e sofrimento e entre virtude e recompensa.<\/p>\n<p>&nbsp;<\/p>\n<p>Fonte: Editora Paulus<\/p>\n","protected":false},"excerpt":{"rendered":"<p>A humanidade est\u00e1 vivendo uma de suas maiores crises: o aumento da polariza\u00e7\u00e3o entre ricos e pobres. Este \u00e9 o tema do livro A origem do sofrimento pobre \u2013 Teologia e antiteologia no livro de J\u00f3 de Luiz Alexandre Solano Rossi. Os ricos agradecem a Deus nos mais diversos altares como se a riqueza fosse [&hellip;]<\/p>\n","protected":false},"author":1,"featured_media":36920,"comment_status":"open","ping_status":"closed","sticky":false,"template":"","format":"standard","meta":{"footnotes":""},"categories":[4],"tags":[],"class_list":["post-36919","post","type-post","status-publish","format-standard","has-post-thumbnail","hentry","category-cotidiano"],"_links":{"self":[{"href":"https:\/\/catolicanet.net\/wp-cnet\/wp-json\/wp\/v2\/posts\/36919","targetHints":{"allow":["GET"]}}],"collection":[{"href":"https:\/\/catolicanet.net\/wp-cnet\/wp-json\/wp\/v2\/posts"}],"about":[{"href":"https:\/\/catolicanet.net\/wp-cnet\/wp-json\/wp\/v2\/types\/post"}],"author":[{"embeddable":true,"href":"https:\/\/catolicanet.net\/wp-cnet\/wp-json\/wp\/v2\/users\/1"}],"replies":[{"embeddable":true,"href":"https:\/\/catolicanet.net\/wp-cnet\/wp-json\/wp\/v2\/comments?post=36919"}],"version-history":[{"count":1,"href":"https:\/\/catolicanet.net\/wp-cnet\/wp-json\/wp\/v2\/posts\/36919\/revisions"}],"predecessor-version":[{"id":36921,"href":"https:\/\/catolicanet.net\/wp-cnet\/wp-json\/wp\/v2\/posts\/36919\/revisions\/36921"}],"wp:featuredmedia":[{"embeddable":true,"href":"https:\/\/catolicanet.net\/wp-cnet\/wp-json\/wp\/v2\/media\/36920"}],"wp:attachment":[{"href":"https:\/\/catolicanet.net\/wp-cnet\/wp-json\/wp\/v2\/media?parent=36919"}],"wp:term":[{"taxonomy":"category","embeddable":true,"href":"https:\/\/catolicanet.net\/wp-cnet\/wp-json\/wp\/v2\/categories?post=36919"},{"taxonomy":"post_tag","embeddable":true,"href":"https:\/\/catolicanet.net\/wp-cnet\/wp-json\/wp\/v2\/tags?post=36919"}],"curies":[{"name":"wp","href":"https:\/\/api.w.org\/{rel}","templated":true}]}}