{"id":3691,"date":"2013-12-10T03:00:00","date_gmt":"2013-12-10T05:00:00","guid":{"rendered":"http:\/\/catolicanet.net\/wp-cnet\/eis-que-o-natal-se-aproxima\/"},"modified":"2017-03-24T13:57:13","modified_gmt":"2017-03-24T16:57:13","slug":"eis-que-o-natal-se-aproxima","status":"publish","type":"post","link":"https:\/\/catolicanet.net\/wp-cnet\/eis-que-o-natal-se-aproxima\/","title":{"rendered":"Eis que o Natal se aproxima!"},"content":{"rendered":"<p style=\"text-align: justify;\"><img decoding=\"async\" src=\"http:\/\/www.catolicanet.com.br\/images\/stories\/domorani.jpg\" border=\"0\" align=\"left\" \/>Muitos acontecimentos marcam nossa caminhada eclesial nesta semana. O Papa ter sido escolhido \u201cpersonalidade do ano\u201d pela revista \u201cTime\u201d foi um sinal interessante de como a vis\u00e3o do mundo contempor\u00e2neo tem sede de sinais e de lideran\u00e7as fortes que ajudem o mundo a caminhar melhor. Tivemos as celebra\u00e7\u00f5es com v\u00e1rias pastorais, entre as quais com a hist\u00f3rica Pastoral do Menor, al\u00e9m das celebra\u00e7\u00f5es nos pres\u00eddios e casas de recupera\u00e7\u00e3o. Vi o empenho de vig\u00e1rios episcopais, p\u00e1rocos, leigos, grupos organizados da Igreja se empenharem com coragem no socorro \u00e0s v\u00edtimas das chuvas dos \u00faltimos dias. Acolhimento, campanha de fundos, roupas e alimentos, presen\u00e7a pr\u00f3xima \u00e0s pessoas. Tantas situa\u00e7\u00f5es de calamidade, no entanto, a solidariedade fraterna demonstrou com clareza que em tudo podemos minimizar as dificuldades e sofrimentos. Creio que tudo isso nos ajuda muito mais ainda a ingressar, com a trezena de S\u00e3o Sebasti\u00e3o do pr\u00f3ximo m\u00eas, no \u201cAno da Caridade Social\u201d para melhor articularmos e nos organizarmos em tantos trabalhos que j\u00e1 ocorrem e que poderiam ainda ser melhores.<br \/>Vivendo neste final de semana a Campanha para a Evangeliza\u00e7\u00e3o com a coleta nacional e, ao mesmo tempo, o domingo \u201cgaudete\u201d do Advento, sentimos, sem d\u00favida, que isso \u00e9 para que possamos nos alegrar mais com os sinais de Deus na vida das pessoas e nos empenharmos ainda mais na evangeliza\u00e7\u00e3o.<br \/>Ao iniciarmos no pr\u00f3ximo dia 17 a semana de prepara\u00e7\u00e3o pr\u00f3xima para o Natal, eu recordo a import\u00e2ncia da prepara\u00e7\u00e3o cat\u00f3lica desse evento crist\u00e3o a todos os nossos queridos diocesanos. Al\u00e9m das confiss\u00f5es, celebra\u00e7\u00f5es especiais, temos a antiga tradi\u00e7\u00e3o da Novena de Natal em fam\u00edlia, neste ano com transmiss\u00e3o pela R\u00e1dio Catedral e pela Webtv Redentor.<br \/>A Arquidiocese, em um esfor\u00e7o da Coordena\u00e7\u00e3o Arquidiocesana de Pastoral, publicou a Novena de Natal de 2013, com o tema &#8220;A Bondade de Deus veio Ficar entre n\u00f3s!&#8221;(Tt 3,4), baseada na Palavra de Deus e nas comoventes e propiciadoras mensagens proferidas pelo Santo Padre o\u00a0 Papa Francisco em sua memor\u00e1vel Viagem Apost\u00f3lica ao Rio de Janeiro por ocasi\u00e3o da JMJRio 2013.<br \/>Durante os nove encontros, em que somos convidados a nos reunir nas casas, nos pr\u00e9dios, nos locais de trabalho etc, usando sempre da criatividade para levarmos o Evangelho para as &#8220;periferias existenciais&#8221;, refletimos sobre tr\u00eas palavras importantes: Natal, Jesus Cristo e Caridade.<br \/>Isto est\u00e1 em conformidade com o que vivenciaremos em 2014, ou seja, o Ano Arquidiocesano da Caridade, conforme o nosso Plano de Pastoral. O Papa Francisco, em sua visita na Comunidade da Varginha, nos deu o aut\u00eantico significado do ano em que estaremos celebrando: &#8220;N\u00e3o \u00e9 a cultura do ego\u00edsmo, do individualismo, que frequentemente regula a nossa sociedade, aquela que constr\u00f3i e conduz a um mundo do mais habit\u00e1vel. N\u00e3o \u00e9 ela! Mas sim a cultura da solidariedade. A cultura da solidariedade \u00e9 ver no outro n\u00e3o um concorrente ou um n\u00famero, mas um irm\u00e3o. E todos n\u00f3s somos irm\u00e3os!&#8221;. Na exorta\u00e7\u00e3o apost\u00f3lica \u201ca Alegria do Evangelho\u201d o Papa ir\u00e1 aprofundar ainda mais a quest\u00e3o mission\u00e1ria e a doutrina social da Igreja.<br \/>Os nove encontros que marcam a nossa caminhada noven\u00e1ria s\u00e3o pautados pelos seguintes temas cristol\u00f3gicos: como disc\u00edpulos-mission\u00e1rios de Nosso Senhor Jesus Cristo, a M\u00e3e Igreja nos convoca a manifestar a bondade que Ele anunciou e transmitiu. Por isso, o primeiro encontro \u00e9 marcado por esta bondade como resposta aos anseios mais profundos do ser humano, que se irradia atrav\u00e9s de cora\u00e7\u00f5es generosos, como o da Bem- Aventurada Virgem Maria, conforme veremos no segundo encontro.\u00a0 A caridade crist\u00e3, que n\u00e3o deve ter limites, \u00e9 uma for\u00e7a t\u00e3o grande que n\u00e3o teme enfrentar e vencer as barreiras, como nos ensina o terceiro encontro; quando, como batizados, somos chamados a encarar com coragem e destemor a maldade que permeia o mundo, conforme veremos no quarto encontro. A fam\u00edlia, c\u00e9lula fundamental da Igreja e da Sociedade, \u00e9 o lugar privilegiado de viv\u00eancia do Natal e das pr\u00e1ticas de caridade, por isso a fam\u00edlia \u00e9 a principal preocupa\u00e7\u00e3o da Igreja, quando a tutela, e valoriza o casamento do homem com a mulher aberto \u00e0 procria\u00e7\u00e3o e \u00e0 vida, como veremos no quinto encontro. As pessoas que vivem vitimadas pelo mal dever\u00e3o ser lembradas por n\u00f3s no sexto encontro. No s\u00e9timo encontro refletimos a necessidade da partilha e da solidariedade de todos os dons que temos e que somos apenas administradores. A uni\u00e3o de todos os fi\u00e9is batizados em torno da nossa f\u00e9 comunit\u00e1ria \u00e9 o tema do oitavo encontro, sendo que a novena ser\u00e1 encerrada com a proclama\u00e7\u00e3o de que Jesus Cristo \u00e9 o Caminho, a Verdade e a Vida.<br \/>Dessa forma, a Arquidiocese, atrav\u00e9s da Novena de Natal, al\u00e9m de procurar semear com esses grupos novas comunidades, tamb\u00e9m prepara todo o povo para o ano que se aproxima, de acordo com o tema escolhido para nortear nossos trabalhos.<br \/>O Natal n\u00e3o \u00e9 apenas uma data. O Natal n\u00e3o \u00e9 pura e simplesmente uma lembran\u00e7a. O Natal \u00e9 um acontecimento, quando renovamos em nossas vidas a presen\u00e7a d\u2019Aquele que nasceu para a nossa salva\u00e7\u00e3o: Jesus, o Cristo Senhor. Isso deve contagiar tamb\u00e9m as nossas fam\u00edlias, nossos trabalhos, em nossa cidade que caminha para celebrar os seus 450 anos de funda\u00e7\u00e3o, sob a prote\u00e7\u00e3o de S\u00e3o Sebasti\u00e3o.<br \/>O Natal n\u00e3o pode ser reduzido \u00e0s compras, \u00e0s festas de confraterniza\u00e7\u00e3o. O Natal \u00e9 tempo de abertura do nosso cora\u00e7\u00e3o para Cristo que, por ternura e amor, veio fazer morada em nosso meio.<br \/>Por isso, a Novena de Natal deve ser vivida conforme o que nos pediu o Papa, no \u00c2ngelus de 26 de julho de 2013: &#8220;Sintamo-nos como uma \u00fanica grande fam\u00edlia e nos dirijamos a Maria para que guarde as nossas fam\u00edlias, fa\u00e7a delas lares de f\u00e9 e de amor, onde se sinta a presen\u00e7a do seu Filho Jesus&#8221;.<br \/>Preparar o Natal nos ensina a rezar! A Novena de Natal tem tamb\u00e9m este sentido educacional na f\u00e9: ensina-nos a perceber que o cora\u00e7\u00e3o repleto de Deus sempre estabelece rela\u00e7\u00f5es profundas entre as pessoas, rela\u00e7\u00f5es de partilha e de an\u00fancio do Evangelho, irradiando a bondade, a caridade e a solidariedade.<br \/>Por que nos preparamos para o Natal? Para celebrar a presen\u00e7a de Cristo em nossas vidas e aprofundar essa proximidade, como o Papa Francisco nos testemunhou: &#8220;celebrar a pessoa de Jesus e refletir sobre as respostas que somente Ele sabe dar \u00e0s suas quest\u00f5es de f\u00e9 e de vida. Confiem em Cristo, ou\u00e7am-no, sigam os seus passos. Ele nunca nos abandona, mesmo nos momentos mais escuros da vida. Ele \u00e1 nossa esperan\u00e7a&#8221;.<br \/>A maldade humana, que infelizmente impera em muitos ambientes, n\u00e3o pode vencer o bem. As dificuldades que encontramos em nossa caminhada n\u00e3o podem nos fazer desistir de praticar o bem, como nos ensinou o Papa Francisco: &#8220;Nunca desanimem, n\u00e3o percam a confian\u00e7a, n\u00e3o deixem que se apague a esperan\u00e7a. A realidade pode mudar, o homem pode mudar. Procurem ser voc\u00eas os primeiros a praticar o bem, a n\u00e3o se acostumar como o mal, mas a venc\u00ea-lo com o bem&#8221;.<br \/>A fam\u00edlia, que reza unida a Novena de Natal testemunha a caridade e a bondade. N\u00e3o vamos desanimar com as dificuldades da vida familiar. Diante do pres\u00e9pio, que n\u00e3o deveria faltar em nossas casas, pe\u00e7amos ao Menino Jesus que proteja as nossas fam\u00edlias, as que s\u00e3o amea\u00e7adas pela viol\u00eancia e pelas dificuldades cotidianas. Rezemos para que sejam curadas as m\u00e1goas e encerradas as desaven\u00e7as. Rezemos para que aquelas fam\u00edlias que ainda n\u00e3o receberam a b\u00ean\u00e7\u00e3o sacramental, a exemplo da Sagrada Fam\u00edlia, sejam tocadas pelo caminho novo da b\u00ean\u00e7\u00e3o nupcial, procurando o padre de sua par\u00f3quia e regularizando a sua situa\u00e7\u00e3o. Que nossas fam\u00edlias aprendam a rezar.\u00a0 O primeiro a ser evangelizado \u00e9 a pr\u00f3pria fam\u00edlia. Nela se aprende os rudimentos da nossa f\u00e9. E, evangelizada a fam\u00edlia, somos como institui\u00e7\u00e3o sacramental enviados a evangelizar aqueles que ainda n\u00e3o conhecem a Cristo.<br \/>Por fim, a Novena de Natal deve ter o seu gesto concreto: a caridade que, enviada para a Igreja, se far\u00e1 chegar aos mais necessitados. E nestes dias de calamidade em nossa cidade, j\u00e1 come\u00e7amos a partilhar o que temos para que o outro sinta tamb\u00e9m a nossa presen\u00e7a e proximidade.<br \/>Reunidos para celebrar o Natal vamos modificar o nosso comportamento. Que seja dado um basta para a fome (iniciamos no \u00faltimo dia 10 a grande campanha contra a fome), para a amargura, para a guerra, para os desentendimentos, para as disputas de poder, para todos os males. Sejamos solid\u00e1rios! Vivamos a caridade fraterna! Perdoemos os irm\u00e3os! Vivamos a paz que brota do Emanuel, o Deus Conosco!<br \/>Ao contemplar o pres\u00e9pio, biblicamente chamado de manjedoura, possamos viver o que este s\u00edmbolo sacramental significa: a uni\u00e3o. No pres\u00e9pio cada um oferece o que tem e o que \u00e9. Todos juntos acolhem e mostram o Salvador Jesus: esse \u00e9 o significado deste tempo aben\u00e7oado.<br \/>E dentro das celebra\u00e7\u00f5es da Novena, querido irm\u00e3o, querida irm\u00e3, n\u00e3o se esque\u00e7a de procurar uma boa confiss\u00e3o que nos ajuda, pelo perd\u00e3o de nossos pecados, a ir ao encontro de Jesus. Por isso, desejo que a nossa Novena de Natal seja ela toda mission\u00e1ria, conforme a m\u00fasica que todos n\u00f3s j\u00e1 guardamos em nosso cora\u00e7\u00e3o: &#8220;Sou marcado desde sempre, como sinal do Redentor, que sobre o monte, o Corcovado, abra\u00e7a o mundo com Seu amor. Cristo nos convida: &#8220;Venham, meus amigos!&#8221; Cristo nos envia: &#8220;Sejam mission\u00e1rios!&#8221; E mission\u00e1rios \u00e9 o fruto precioso da celebra\u00e7\u00e3o da Novena de Natal! Eis que assim nos aproximamos do Natal!<\/p>\n","protected":false},"excerpt":{"rendered":"<p>Muitos acontecimentos marcam nossa caminhada eclesial nesta semana. O Papa ter sido escolhido \u201cpersonalidade do ano\u201d pela revista \u201cTime\u201d foi um sinal interessante de como a vis\u00e3o do mundo contempor\u00e2neo tem sede de sinais e de lideran\u00e7as fortes que ajudem o mundo a caminhar melhor. Tivemos as celebra\u00e7\u00f5es com v\u00e1rias pastorais, entre as quais com [&hellip;]<\/p>\n","protected":false},"author":5,"featured_media":1370,"comment_status":"closed","ping_status":"closed","sticky":false,"template":"","format":"standard","meta":{"footnotes":""},"categories":[9],"tags":[],"class_list":["post-3691","post","type-post","status-publish","format-standard","has-post-thumbnail","hentry","category-artigos"],"_links":{"self":[{"href":"https:\/\/catolicanet.net\/wp-cnet\/wp-json\/wp\/v2\/posts\/3691","targetHints":{"allow":["GET"]}}],"collection":[{"href":"https:\/\/catolicanet.net\/wp-cnet\/wp-json\/wp\/v2\/posts"}],"about":[{"href":"https:\/\/catolicanet.net\/wp-cnet\/wp-json\/wp\/v2\/types\/post"}],"author":[{"embeddable":true,"href":"https:\/\/catolicanet.net\/wp-cnet\/wp-json\/wp\/v2\/users\/5"}],"replies":[{"embeddable":true,"href":"https:\/\/catolicanet.net\/wp-cnet\/wp-json\/wp\/v2\/comments?post=3691"}],"version-history":[{"count":1,"href":"https:\/\/catolicanet.net\/wp-cnet\/wp-json\/wp\/v2\/posts\/3691\/revisions"}],"predecessor-version":[{"id":7987,"href":"https:\/\/catolicanet.net\/wp-cnet\/wp-json\/wp\/v2\/posts\/3691\/revisions\/7987"}],"wp:featuredmedia":[{"embeddable":true,"href":"https:\/\/catolicanet.net\/wp-cnet\/wp-json\/wp\/v2\/media\/1370"}],"wp:attachment":[{"href":"https:\/\/catolicanet.net\/wp-cnet\/wp-json\/wp\/v2\/media?parent=3691"}],"wp:term":[{"taxonomy":"category","embeddable":true,"href":"https:\/\/catolicanet.net\/wp-cnet\/wp-json\/wp\/v2\/categories?post=3691"},{"taxonomy":"post_tag","embeddable":true,"href":"https:\/\/catolicanet.net\/wp-cnet\/wp-json\/wp\/v2\/tags?post=3691"}],"curies":[{"name":"wp","href":"https:\/\/api.w.org\/{rel}","templated":true}]}}