{"id":3686,"date":"2013-12-12T17:26:24","date_gmt":"2013-12-12T19:26:24","guid":{"rendered":"http:\/\/catolicanet.net\/wp-cnet\/natal-na-siria-ais-ajuda-familias-cristas-que-perderam-seus-entes-queridos\/"},"modified":"2017-03-24T14:32:29","modified_gmt":"2017-03-24T17:32:29","slug":"natal-na-siria-ais-ajuda-familias-cristas-que-perderam-seus-entes-queridos","status":"publish","type":"post","link":"https:\/\/catolicanet.net\/wp-cnet\/natal-na-siria-ais-ajuda-familias-cristas-que-perderam-seus-entes-queridos\/","title":{"rendered":"Natal na S\u00edria: AIS ajuda fam\u00edlias crist\u00e3s que perderam seus entes queridos"},"content":{"rendered":"<p style=\"text-align: justify;\">A Funda\u00e7\u00e3o Ajuda \u00e0 Igreja que Sofre (AIS) doar\u00e1 250 d\u00f3lares para cada fam\u00edlia crist\u00e3 s\u00edria que perdeu seus entes queridos por causa da f\u00e9.<\/p>\n<p>&#8220;H\u00e1 quase tr\u00eas anos, o pa\u00eds luta para obter um pouco de paz e justi\u00e7a, com a t\u00eanue esperan\u00e7a de que o conflito s\u00edrio possa finalmente chegar ao fim&#8221;, disse o respons\u00e1vel internacional de AIS para o Oriente M\u00e9dio, Pe. Andrzej Halemba.<\/p>\n<p>&#8220;Pelo menos 120 mil s\u00edrios morreram desde o in\u00edcio do conflito e desse n\u00famero 11 mil crian\u00e7as foram mortas a sangue frio por franco-atiradores ou ap\u00f3s torturas e execu\u00e7\u00f5es sum\u00e1rias&#8221;, disse ainda Pe. Halemba.<\/p>\n<p>O n\u00famero de crian\u00e7as \u00e9 alto at\u00e9 mesmo entre os s\u00edrios que abandonaram o pa\u00eds: mais de um milh\u00e3o num total de cerca de dois milh\u00f5es e duzentos mil refugiados. Dentre eles existem milhares de crian\u00e7as abaixo de 12 anos que atravessaram a fronteira sozinhas.<\/p>\n<p>Desde 2011, a AIS doou mais de 1 milh\u00e3o e 100 mil euros exclusivamente para ajudar os refugiados e deslocados internos s\u00edrios. Outros projetos em favor de sacerdotes, religiosos e religiosas foram financiados atrav\u00e9s de v\u00e1rias dioceses. Na semana passada, foi aprovado o projeto em favor das fam\u00edlias de v\u00edtimas crist\u00e3s.<\/p>\n<p>&#8220;O patriarca greco-melquita de Damasco, Gregorios III Laham, fez uma lista com os nomes de 215 s\u00edrios mortos por serem crist\u00e3os.<\/p>\n<p>Infelizmente, os mortos na lista podem aumentar. Muitos fi\u00e9is foram torturados e trucidados ou desapareceram sem deixar rastro&#8221;, disse ainda o sacerdote.<\/p>\n<p>O Patriarca Laham expressou a AIS o desejo de dar \u00e0s fam\u00edlias destes m\u00e1rtires crist\u00e3os um apoio moral e espiritual. A funda\u00e7\u00e3o pontif\u00edcia acolheu o pedido e decidiu doar 250 d\u00f3lares a cada fam\u00edlia crist\u00e3 em luto.<\/p>\n<p>&#8220;Uma ajuda econ\u00f4mica \u00e9 um gesto de solidariedade e uma \u00f3tima maneira de mostrar a eles que os crist\u00e3os de todo o mundo n\u00e3o se esquecem dos irm\u00e3os na f\u00e9 que sofrem na S\u00edria, especialmente no Natal. Al\u00e9m da ajuda material, rezaremos tamb\u00e9m por eles&#8221;, concluiu o sacerdote.<\/p>\n<p style=\"text-align: justify;\">\u00a0<\/p>\n<p style=\"text-align: justify;\"><strong>Local: Damasco<br \/>Fonte: R\u00e1dio Vaticano<\/strong><\/p>\n","protected":false},"excerpt":{"rendered":"<p>A Funda\u00e7\u00e3o Ajuda \u00e0 Igreja que Sofre (AIS) doar\u00e1 250 d\u00f3lares para cada fam\u00edlia crist\u00e3 s\u00edria que perdeu seus entes queridos por causa da f\u00e9. &#8220;H\u00e1 quase tr\u00eas anos, o pa\u00eds luta para obter um pouco de paz e justi\u00e7a, com a t\u00eanue esperan\u00e7a de que o conflito s\u00edrio possa finalmente chegar ao fim&#8221;, disse [&hellip;]<\/p>\n","protected":false},"author":1,"featured_media":0,"comment_status":"closed","ping_status":"closed","sticky":false,"template":"","format":"standard","meta":{"footnotes":""},"categories":[3],"tags":[],"class_list":["post-3686","post","type-post","status-publish","format-standard","hentry","category-vaticano"],"_links":{"self":[{"href":"https:\/\/catolicanet.net\/wp-cnet\/wp-json\/wp\/v2\/posts\/3686","targetHints":{"allow":["GET"]}}],"collection":[{"href":"https:\/\/catolicanet.net\/wp-cnet\/wp-json\/wp\/v2\/posts"}],"about":[{"href":"https:\/\/catolicanet.net\/wp-cnet\/wp-json\/wp\/v2\/types\/post"}],"author":[{"embeddable":true,"href":"https:\/\/catolicanet.net\/wp-cnet\/wp-json\/wp\/v2\/users\/1"}],"replies":[{"embeddable":true,"href":"https:\/\/catolicanet.net\/wp-cnet\/wp-json\/wp\/v2\/comments?post=3686"}],"version-history":[{"count":1,"href":"https:\/\/catolicanet.net\/wp-cnet\/wp-json\/wp\/v2\/posts\/3686\/revisions"}],"predecessor-version":[{"id":8025,"href":"https:\/\/catolicanet.net\/wp-cnet\/wp-json\/wp\/v2\/posts\/3686\/revisions\/8025"}],"wp:attachment":[{"href":"https:\/\/catolicanet.net\/wp-cnet\/wp-json\/wp\/v2\/media?parent=3686"}],"wp:term":[{"taxonomy":"category","embeddable":true,"href":"https:\/\/catolicanet.net\/wp-cnet\/wp-json\/wp\/v2\/categories?post=3686"},{"taxonomy":"post_tag","embeddable":true,"href":"https:\/\/catolicanet.net\/wp-cnet\/wp-json\/wp\/v2\/tags?post=3686"}],"curies":[{"name":"wp","href":"https:\/\/api.w.org\/{rel}","templated":true}]}}