{"id":3685,"date":"2013-12-12T16:07:14","date_gmt":"2013-12-12T18:07:14","guid":{"rendered":"http:\/\/catolicanet.net\/wp-cnet\/peregrinos-chegam-a-guadalupe-para-celebrar-482o-aniversario-das-aparicoes\/"},"modified":"2017-03-24T14:02:06","modified_gmt":"2017-03-24T17:02:06","slug":"peregrinos-chegam-a-guadalupe-para-celebrar-482o-aniversario-das-aparicoes","status":"publish","type":"post","link":"https:\/\/catolicanet.net\/wp-cnet\/peregrinos-chegam-a-guadalupe-para-celebrar-482o-aniversario-das-aparicoes\/","title":{"rendered":"Peregrinos chegam \u00e0 Guadalupe para celebrar 482\u00ba anivers\u00e1rio das apari\u00e7\u00f5es"},"content":{"rendered":"<p style=\"text-align: justify;\"><img decoding=\"async\" src=\"http:\/\/www.catolicanet.com.br\/images\/stories\/nossasenhoradoguadalupeembasilica.jpg\" border=\"0\" align=\"left\" \/>Dan\u00e7ando, cantando, de joelhos ou de bicicleta, milhares de peregrinos come\u00e7aram a concentrar-se na noite de ontem, na Bas\u00edlica de Nossa Senhora de Guadalupe, na Cidade do M\u00e9xico, para cantar \u00e0 Virgem, nas primeiras horas da manh\u00e3, as tradicionais \u2018man\u00e3nitas\u2019, pelo 482\u00ba anivers\u00e1rio de suas apari\u00e7\u00f5es ao \u00edndio Juan Diego.<\/p>\n<p>As baixas temperaturas da madrugada n\u00e3o impediram que homens, mulheres, jovens e crian\u00e7as acorressem \u00e0 Bas\u00edlica. Dentro e fora do Santu\u00e1rio, milhares de pessoas come\u00e7aram a instalar-se ainda na madrugada de quarta-feira, reservando espa\u00e7os com papel\u00f5es e improvisando casas de campanha feitas de pl\u00e1stico.<\/p>\n<p>A Bas\u00edlica de Guadalupe, um dos principais santu\u00e1rios marianos, espera receber neste ano mais de seis milh\u00f5es de fi\u00e9is de todo o territ\u00f3rio mexicano e de alguns pa\u00edses centro-americanos.<\/p>\n<p>Os \u00f3rg\u00e3os de seguran\u00e7a desenvolvem uma opera\u00e7\u00e3o especial desde o \u00faltimo s\u00e1bado, envolvendo 19 mil agentes da capital e 8 mil das for\u00e7as federais, para garantir a tranq\u00fcilidade dos peregrinos.<\/p>\n<p>Segundo a tradi\u00e7\u00e3o, a Virgem de Guadalupe apareceu ao \u00edndio Juan Diego em v\u00e1rias ocasi\u00f5es ao longo de 1531, sendo a \u00faltima em 12 de dezembro no monte de Tepeyac, pr\u00f3ximo aonde se localiza a atual Bas\u00edlica.<\/p>\n<p style=\"text-align: justify;\">\u00a0<\/p>\n<p style=\"text-align: justify;\"><strong>Local: Cidade do M\u00e9xico<br \/>Fonte: R\u00e1dio Vaticano<\/strong><\/p>\n","protected":false},"excerpt":{"rendered":"<p>Dan\u00e7ando, cantando, de joelhos ou de bicicleta, milhares de peregrinos come\u00e7aram a concentrar-se na noite de ontem, na Bas\u00edlica de Nossa Senhora de Guadalupe, na Cidade do M\u00e9xico, para cantar \u00e0 Virgem, nas primeiras horas da manh\u00e3, as tradicionais \u2018man\u00e3nitas\u2019, pelo 482\u00ba anivers\u00e1rio de suas apari\u00e7\u00f5es ao \u00edndio Juan Diego. As baixas temperaturas da madrugada [&hellip;]<\/p>\n","protected":false},"author":1,"featured_media":3684,"comment_status":"closed","ping_status":"closed","sticky":false,"template":"","format":"standard","meta":{"footnotes":""},"categories":[3],"tags":[],"class_list":["post-3685","post","type-post","status-publish","format-standard","has-post-thumbnail","hentry","category-vaticano"],"_links":{"self":[{"href":"https:\/\/catolicanet.net\/wp-cnet\/wp-json\/wp\/v2\/posts\/3685","targetHints":{"allow":["GET"]}}],"collection":[{"href":"https:\/\/catolicanet.net\/wp-cnet\/wp-json\/wp\/v2\/posts"}],"about":[{"href":"https:\/\/catolicanet.net\/wp-cnet\/wp-json\/wp\/v2\/types\/post"}],"author":[{"embeddable":true,"href":"https:\/\/catolicanet.net\/wp-cnet\/wp-json\/wp\/v2\/users\/1"}],"replies":[{"embeddable":true,"href":"https:\/\/catolicanet.net\/wp-cnet\/wp-json\/wp\/v2\/comments?post=3685"}],"version-history":[{"count":1,"href":"https:\/\/catolicanet.net\/wp-cnet\/wp-json\/wp\/v2\/posts\/3685\/revisions"}],"predecessor-version":[{"id":7991,"href":"https:\/\/catolicanet.net\/wp-cnet\/wp-json\/wp\/v2\/posts\/3685\/revisions\/7991"}],"wp:featuredmedia":[{"embeddable":true,"href":"https:\/\/catolicanet.net\/wp-cnet\/wp-json\/wp\/v2\/media\/3684"}],"wp:attachment":[{"href":"https:\/\/catolicanet.net\/wp-cnet\/wp-json\/wp\/v2\/media?parent=3685"}],"wp:term":[{"taxonomy":"category","embeddable":true,"href":"https:\/\/catolicanet.net\/wp-cnet\/wp-json\/wp\/v2\/categories?post=3685"},{"taxonomy":"post_tag","embeddable":true,"href":"https:\/\/catolicanet.net\/wp-cnet\/wp-json\/wp\/v2\/tags?post=3685"}],"curies":[{"name":"wp","href":"https:\/\/api.w.org\/{rel}","templated":true}]}}