{"id":36715,"date":"2017-12-01T08:59:13","date_gmt":"2017-12-01T10:59:13","guid":{"rendered":"http:\/\/catolicanet.net\/wp-cnet\/?p=36715"},"modified":"2017-12-04T13:02:30","modified_gmt":"2017-12-04T15:02:30","slug":"papa-ordena-16-sacerdotes-em-missa-com-100-mil-fieis-em-daca","status":"publish","type":"post","link":"https:\/\/catolicanet.net\/wp-cnet\/papa-ordena-16-sacerdotes-em-missa-com-100-mil-fieis-em-daca\/","title":{"rendered":"Papa ordena 16 sacerdotes em Missa com 100 mil fi\u00e9is em Daca"},"content":{"rendered":"<p>Daca (RV) \u2013 \u201cSeja o vosso ensino alimento para o povo de Deus, e o vosso viver motivo de alegria para os fi\u00e9is de Cristo, para edificardes, pela palavra e pelo exemplo, a casa que \u00e9 a Igreja de Deus\u201d.<\/p>\n<p>&nbsp;<\/p>\n<p><a href=\"http:\/\/media02.radiovaticana.va\/audio\/audio2\/mp3\/00604578.mp3\">Clique aqui para ouvir:<\/a><\/p>\n<p>&nbsp;<\/p>\n<p>Na \u00fanica Missa p\u00fablica a ser celebrada em Bangladesh, o Papa Francisco ordenou 16 novos sacerdotes. 100 mil fi\u00e9is participaram da celebra\u00e7\u00e3o, segundo as autoridades. A pequena comunidade cat\u00f3lica neste pa\u00eds de maioria mu\u00e7ulmana \u00e9 de 500 mil pessoas, 0,2% da popula\u00e7\u00e3o.<\/p>\n<p>Dez dos novos sacerdotes s\u00e3o diocesanos, um \u00e9 dos Oblatos de Maria e 5 s\u00e3o da Congrega\u00e7\u00e3o da Santa Cruz. Em prepara\u00e7\u00e3o a este momento, os ordenandos participaram de 14 a 20 de novembro de um retiro de ora\u00e7\u00e3o.<\/p>\n<p>Todos os 16 di\u00e1conos estudaram no Semin\u00e1rio Maior do Esp\u00edrito Santo, \u00fanico semin\u00e1rio de Bangladesh, e que atualmente acolhe 400 estudantes, uma situa\u00e7\u00e3o contra a tend\u00eancia em rela\u00e7\u00e3o ao panorama ocidental e europeu, onde se verifica uma diminui\u00e7\u00e3o das voca\u00e7\u00f5es religiosas.<\/p>\n<p>A homilia &#8211; tirada do Rito para Ordena\u00e7\u00e3o dos presb\u00edteros \u2013 foi pronunciada em italiano, com tradu\u00e7\u00e3o simult\u00e2nea em bengali nos tel\u00f5es espalhados pelo Suhrawardy Udyan Park.<\/p>\n<p>O local era um antigo hip\u00f3dromo, onde o \u201cPai da Na\u00e7\u00e3o\u201d, o Xeique Mujibur Rahman, pronunciou um discurso hist\u00f3rico antes da guerra de 1971. Ali se deu a rendi\u00e7\u00e3o do ex\u00e9rcito do Paquist\u00e3o.<\/p>\n<p>A homilia<\/p>\n<p>\u201cNo momento em que estes nossos filhos, que s\u00e3o familiares e amigos vossos, v\u00e3o entrar na Ordem dos presb\u00edteros, ponderai com aten\u00e7\u00e3o o grau do minist\u00e9rio a que eles s\u00e3o elevados\u201d, disse o Papa em sua homilia.<\/p>\n<p>\u201cO nosso grande Sacerdote, Jesus Cristo, escolheu alguns disc\u00edpulos para desempenharem na Igreja, em seu nome, o minist\u00e9rio sacerdotal em favor dos homens\u201d.<\/p>\n<p>\u201cOs presb\u00edteros \u2013 explicou o Santo Padre &#8211;\u00a0 s\u00e3o constitu\u00eddos cooperadores dos Bispos e, associados a eles na miss\u00e3o sacerdotal, s\u00e3o chamados ao servi\u00e7o do povo de Deus\u201d.<\/p>\n<p>Eles ser\u00e3o ordenados \u201cpara o sacerd\u00f3cio na Ordem dos presb\u00edteros, para servirem a Cristo, Mestre, Sacerdote e Pastor, por cujo minist\u00e9rio o seu Corpo, que \u00e9 a Igreja, cresce e se edifica como templo santo e povo de Deus\u201d.<\/p>\n<p>Eles ser\u00e3o consagrados \u201ccomo verdadeiros sacerdotes da Nova Alian\u00e7a para anunciarem o Evangelho, apascentarem o povo de Deus e celebrarem o culto divino, principalmente no sacrif\u00edcio do Senhor\u201d.<\/p>\n<p>M\u00fanus de ensinar<\/p>\n<p>Voc\u00eas que ir\u00e3o entrar na Ordem dos Presb\u00edteros \u2013 disse o Papa dirigindo-se aos ordenandos &#8211; exercereis, no que vos compete, o sagrado m\u00fanus de ensinar em nome de Cristo, nosso Mestre:<\/p>\n<p>\u201cDistribu\u00ed a todos a palavra de Deus que v\u00f3s mesmos recebestes com alegria. Meditando na lei do Senhor, procurai crer o que ledes, ensinar o que credes e viver o que ensinais. Seja o vosso ensino alimento para o povo de Deus, e o vosso viver motivo de alegria para os fi\u00e9is de Cristo, para edificardes, pela palavra e pelo exemplo, a casa que \u00e9 a Igreja de Deus\u201d.<\/p>\n<p>M\u00fanus de santificar<\/p>\n<p>Voc\u00eas tamb\u00e9m exercer\u00e3o o m\u00fanus de santificar, completou Francisco, explicando::<\/p>\n<p>\u201cPelo vosso minist\u00e9rio se realiza plenamente o sacrif\u00edcio espiritual dos fi\u00e9is, unido ao sacrif\u00edcio de Cristo, que, juntamente com eles, \u00e9 oferecido pelas vossas m\u00e3os sobre o altar, de modo sacramental, na celebra\u00e7\u00e3o dos santos mist\u00e9rios. Tomai, pois, consci\u00eancia do que fazeis, imitai o que realizais. Celebrando o mist\u00e9rio da morte e da ressurrei\u00e7\u00e3o do Senhor, esfor\u00e7ai-vos por fazer morrer em v\u00f3s todo o mal e por caminhar na vida nova\u201d.<\/p>\n<p>\u201cLembrai-vos \u2013 disse o Papa &#8211;\u00a0 de que fostes assumidos de entre os homens e postos ao servi\u00e7o dos homens nas coisas que s\u00e3o de Deus. Realizai, pois, com verdadeira caridade e alegria constante, o minist\u00e9rio de Cristo Sacerdote, n\u00e3o procurando os vossos interesses, mas sim os de Jesus Cristo.<\/p>\n<p>Ao exercer, na parte que vos compete, o minist\u00e9rio de Cristo \u2013 Francisco &#8211;\u00a0 \u201cprocurai, filhos car\u00edssimos, unidos e atentos ao Bispo, congregar os fi\u00e9is numa s\u00f3 fam\u00edlia, a fim de poderdes conduzi-los a Deus Pai, por Cristo, no Esp\u00edrito Santo. Trazei sempre diante de v\u00f3s o exemplo do Bom Pastor que veio n\u00e3o para ser servido mas para servir e para buscar e salvar o que estava perdido\u201d.<\/p>\n<p>Orar pelos sacerdotes<\/p>\n<p>Ao concluir a leitura da homilia, o Papa dirigiu-se de forma espont\u00e2nea aos fi\u00e9is bengaleses, fazendo um pedido:<\/p>\n<p>\u201cAgora me dirijo a voc\u00eas, queridos irm\u00e3os e irm\u00e3s, que vieram a esta grande festa, a esta grande festa de Deus na ordena\u00e7\u00e3o destes irm\u00e3os sacerdotes. Sei que muitos de voc\u00eas vieram de longe, com uma viagem de mais de dois dias. Obrigado por esta generosidade! Isto mostra o amor que voc\u00eas t\u00eam pela Igreja, isto mostra o amor que voc\u00eas t\u00eam por Jesus Cristo. Muito obrigado! Muito obrigado pela generosidade de voc\u00eas, muito obrigado pela fidelidade de voc\u00eas! Sigam em frente, com o Esp\u00edrito das Bem-aventuran\u00e7as.<\/p>\n<p>E hoje, fa\u00e7o uma recomenda\u00e7\u00e3o a voc\u00eas: rezem sempre pelos seus sacerdotes, especialmente por estes que hoje recebem o Sacramento da Ordem sacra. Que o povo de Deus apoie os sacerdotes com a ora\u00e7\u00e3o. \u00c9 responsabilidade de todos apoiar os sacerdotes.<\/p>\n<p>Algu\u00e9m de voc\u00eas poderia me perguntar: \u201cMas, padre, como se faz para apoiar um sacerdote?\u201d. Confiem em sua generosidade. O cora\u00e7\u00e3o generoso que voc\u00eas t\u00eam dir\u00e1 como apoiar os sacerdotes. Mas o primeiro sustento do sacerdote \u00e9 a ora\u00e7\u00e3o. O povo de Deus \u2013 isto \u00e9, todos \u2013 apoia o sacerdote com a ora\u00e7\u00e3o. N\u00e3o se cansem nunca de rezar pelos seus sacerdotes. Eu sei que voc\u00eas far\u00e3o isto. Muito obrigado! E agora, continuemos o rito de Ordena\u00e7\u00e3o destes di\u00e1conos que ser\u00e3o os vossos sacerdotes. Obrigado\u201d.<\/p>\n<p>Antes de conceder a B\u00ean\u00e7\u00e3o final, o Papa foi saudado pelo cardeal Arcebispo de Daca, Dom Patrick D\u2019Rozario.<\/p>\n<p>Ao sair da Sacristia, o Papa Francisco saudou brevemente os Cardeis e Bispos da regi\u00e3o.<\/p>\n<p>Fonte: R\u00e1dio Vaticano<\/p>\n","protected":false},"excerpt":{"rendered":"<p>Daca (RV) \u2013 \u201cSeja o vosso ensino alimento para o povo de Deus, e o vosso viver motivo de alegria para os fi\u00e9is de Cristo, para edificardes, pela palavra e pelo exemplo, a casa que \u00e9 a Igreja de Deus\u201d. &nbsp; Clique aqui para ouvir: &nbsp; Na \u00fanica Missa p\u00fablica a ser celebrada em Bangladesh, [&hellip;]<\/p>\n","protected":false},"author":1,"featured_media":36716,"comment_status":"open","ping_status":"closed","sticky":false,"template":"","format":"standard","meta":{"footnotes":""},"categories":[13,3],"tags":[],"class_list":["post-36715","post","type-post","status-publish","format-standard","has-post-thumbnail","hentry","category-featured","category-vaticano"],"_links":{"self":[{"href":"https:\/\/catolicanet.net\/wp-cnet\/wp-json\/wp\/v2\/posts\/36715","targetHints":{"allow":["GET"]}}],"collection":[{"href":"https:\/\/catolicanet.net\/wp-cnet\/wp-json\/wp\/v2\/posts"}],"about":[{"href":"https:\/\/catolicanet.net\/wp-cnet\/wp-json\/wp\/v2\/types\/post"}],"author":[{"embeddable":true,"href":"https:\/\/catolicanet.net\/wp-cnet\/wp-json\/wp\/v2\/users\/1"}],"replies":[{"embeddable":true,"href":"https:\/\/catolicanet.net\/wp-cnet\/wp-json\/wp\/v2\/comments?post=36715"}],"version-history":[{"count":1,"href":"https:\/\/catolicanet.net\/wp-cnet\/wp-json\/wp\/v2\/posts\/36715\/revisions"}],"predecessor-version":[{"id":36717,"href":"https:\/\/catolicanet.net\/wp-cnet\/wp-json\/wp\/v2\/posts\/36715\/revisions\/36717"}],"wp:featuredmedia":[{"embeddable":true,"href":"https:\/\/catolicanet.net\/wp-cnet\/wp-json\/wp\/v2\/media\/36716"}],"wp:attachment":[{"href":"https:\/\/catolicanet.net\/wp-cnet\/wp-json\/wp\/v2\/media?parent=36715"}],"wp:term":[{"taxonomy":"category","embeddable":true,"href":"https:\/\/catolicanet.net\/wp-cnet\/wp-json\/wp\/v2\/categories?post=36715"},{"taxonomy":"post_tag","embeddable":true,"href":"https:\/\/catolicanet.net\/wp-cnet\/wp-json\/wp\/v2\/tags?post=36715"}],"curies":[{"name":"wp","href":"https:\/\/api.w.org\/{rel}","templated":true}]}}