{"id":36709,"date":"2017-12-01T08:33:36","date_gmt":"2017-12-01T10:33:36","guid":{"rendered":"http:\/\/catolicanet.net\/wp-cnet\/?p=36709"},"modified":"2017-12-01T11:11:25","modified_gmt":"2017-12-01T13:11:25","slug":"dom-lucena-coleta-nacional-para-a-evangelizacao-e-a-colheita-dos-frutos-amadurecidos-no-advento","status":"publish","type":"post","link":"https:\/\/catolicanet.net\/wp-cnet\/dom-lucena-coleta-nacional-para-a-evangelizacao-e-a-colheita-dos-frutos-amadurecidos-no-advento\/","title":{"rendered":"Dom Lucena: \u201cColeta Nacional para a Evangeliza\u00e7\u00e3o \u00e9 a colheita dos frutos amadurecidos no Advento\u201d"},"content":{"rendered":"<p>A Campanha para a Evangeliza\u00e7\u00e3o, idealizada pela Confer\u00eancia Nacional dos Bispos do Brasil (CNBB) est\u00e1 em harmonia com o tempo lit\u00fargico do Advento, cujo in\u00edcio se d\u00e1 no pr\u00f3ximo domingo, dia 03. \u201cEste tempo nos ajuda a aprofundar a nossa responsabilidade evangelizadora, que \u00e9 t\u00e3o necess\u00e1ria na Igreja, sendo que cada um de n\u00f3s \u00e9 respons\u00e1vel pelo an\u00fancio do Evangelho de Jesus Cristo aos irm\u00e3os e irm\u00e3s\u201d, afirma o bispo de Nazar\u00e9 da Mata, no Pernambuco, dom Francisco de Assis Dantas de Lucena.<\/p>\n<p>A finalidade da Campanha \u00e9 conscientizar todos os crist\u00e3os de sua responsabilidade de evangelizar e angariar fundos para manter a obra evangelizadora da Igreja. Uma das a\u00e7\u00f5es concretas da Campanha \u00e9 a Coleta Nacional para a Evangeliza\u00e7\u00e3o, que acontece no terceiro domingo do Advento, este ano dia 17 de dezembro, e \u00e9 destinada ao Fundo para a Evangeliza\u00e7\u00e3o. A arrecada\u00e7\u00e3o visa promover a solidariedade entre os fi\u00e9is e atender regi\u00f5es carentes. \u201c\u00c9 a abertura de um caminho para despertar a solidariedade de todos os cat\u00f3licos e pessoas de boa vontade no sustento\u00a0 da miss\u00e3o da Igreja em nosso pa\u00eds\u201d, enfatiza dom Francisco.<\/p>\n<p>Desta vez, a Campanha est\u00e1 em sintonia com o Ano do Laicato e tem como tema \u201cCrist\u00e3os leigos e leigas comprometidos com a Evangeliza\u00e7\u00e3o\u201d e o lema \u201cSal da Terra e Luz do Mundo\u201d. Com dura\u00e7\u00e3o de tr\u00eas semanas, a iniciativa tem o seu ponto alto com a Coleta Nacional em todas as comunidades cat\u00f3licas do pa\u00eds. Dela s\u00e3o destinados recursos para a manuten\u00e7\u00e3o da sede da CNBB como tamb\u00e9m para projetos evangelizadores em todo o territ\u00f3rio nacional, onde 45% ficam na pr\u00f3pria diocese; 20% v\u00e3o para cada regional da CNBB; e 35% se destinam \u00e0 CNBB Nacional.<\/p>\n<p>Segundo dom Lucena, a coleta realizada em todas as par\u00f3quias e comunidades eclesiais \u00e9 a colheita dos frutos amadurecidos no Advento a serem colocados em comum e a servi\u00e7o da evangeliza\u00e7\u00e3o.\u00a0 \u201cA Igreja conta com a participa\u00e7\u00e3o de todos para comunicar o bem que ela recebeu de Jesus.\u00a0 Todos n\u00f3s somos respons\u00e1veis pela evangeliza\u00e7\u00e3o, por isso, al\u00e9m da ora\u00e7\u00e3o e da participa\u00e7\u00e3o nas iniciativas pastorais da Igreja, somos convidados a oferecer tamb\u00e9m a nossa colabora\u00e7\u00e3o, representada por essa Coleta Nacional. A generosa oferta, que brota da f\u00e9 e do amor a Deus, torna poss\u00edvel a obra evangelizadora da Igreja no Brasil\u201d, salienta o bispo.<\/p>\n<p>Advento e solidariedade<\/p>\n<p>Para o arcebispo de Belo Horizonte, dom Walmor Oliveira de Azevedo, a prepara\u00e7\u00e3o para o Natal, nascimento de Jesus Cristo \u00e9 uma oportunidade singular de nova e adequada compreens\u00e3o de vida. O prelado afirma que especialmente nestas quatro semanas que antecedem o natal, a Igreja cria oportunidades importantes para se cultivar, de maneira profunda, a Palavra de Deus e, assim, fomentar e sustentar os la\u00e7os de fraternidade, capacitando cada um no exerc\u00edcio dos gestos de solidariedade.<\/p>\n<p>\u201cS\u00e3o incont\u00e1veis as possibilidades, pelo percurso deste caminho do Advento, preparat\u00f3rio para o Natal do Senhor\u201d, salienta o bispo.<\/p>\n<p>Pensando na verdadeira e real prepara\u00e7\u00e3o para o Natal, o arcebispo convida todos a refletirem sobre o sentido de perten\u00e7a \u00e0 sociedade e faz um apelo para que enxerguem, sobretudo neste tempo, os mais pobres e sofredores, nos diversos cen\u00e1rios da sociedade. Aproveitando o protagonismo do Ano do Laicato, segundo o arcebispo, a Campanha para a Evangeliza\u00e7\u00e3o \u00e9 uma das formas de contribuir para esse gesto de solidariedade.<\/p>\n<p>&nbsp;<\/p>\n<p>Fonte: CNBB<\/p>\n","protected":false},"excerpt":{"rendered":"<p>A Campanha para a Evangeliza\u00e7\u00e3o, idealizada pela Confer\u00eancia Nacional dos Bispos do Brasil (CNBB) est\u00e1 em harmonia com o tempo lit\u00fargico do Advento, cujo in\u00edcio se d\u00e1 no pr\u00f3ximo domingo, dia 03. \u201cEste tempo nos ajuda a aprofundar a nossa responsabilidade evangelizadora, que \u00e9 t\u00e3o necess\u00e1ria na Igreja, sendo que cada um de n\u00f3s \u00e9 [&hellip;]<\/p>\n","protected":false},"author":1,"featured_media":36710,"comment_status":"open","ping_status":"closed","sticky":false,"template":"","format":"standard","meta":{"footnotes":""},"categories":[7],"tags":[],"class_list":["post-36709","post","type-post","status-publish","format-standard","has-post-thumbnail","hentry","category-cnbb"],"_links":{"self":[{"href":"https:\/\/catolicanet.net\/wp-cnet\/wp-json\/wp\/v2\/posts\/36709","targetHints":{"allow":["GET"]}}],"collection":[{"href":"https:\/\/catolicanet.net\/wp-cnet\/wp-json\/wp\/v2\/posts"}],"about":[{"href":"https:\/\/catolicanet.net\/wp-cnet\/wp-json\/wp\/v2\/types\/post"}],"author":[{"embeddable":true,"href":"https:\/\/catolicanet.net\/wp-cnet\/wp-json\/wp\/v2\/users\/1"}],"replies":[{"embeddable":true,"href":"https:\/\/catolicanet.net\/wp-cnet\/wp-json\/wp\/v2\/comments?post=36709"}],"version-history":[{"count":1,"href":"https:\/\/catolicanet.net\/wp-cnet\/wp-json\/wp\/v2\/posts\/36709\/revisions"}],"predecessor-version":[{"id":36711,"href":"https:\/\/catolicanet.net\/wp-cnet\/wp-json\/wp\/v2\/posts\/36709\/revisions\/36711"}],"wp:featuredmedia":[{"embeddable":true,"href":"https:\/\/catolicanet.net\/wp-cnet\/wp-json\/wp\/v2\/media\/36710"}],"wp:attachment":[{"href":"https:\/\/catolicanet.net\/wp-cnet\/wp-json\/wp\/v2\/media?parent=36709"}],"wp:term":[{"taxonomy":"category","embeddable":true,"href":"https:\/\/catolicanet.net\/wp-cnet\/wp-json\/wp\/v2\/categories?post=36709"},{"taxonomy":"post_tag","embeddable":true,"href":"https:\/\/catolicanet.net\/wp-cnet\/wp-json\/wp\/v2\/tags?post=36709"}],"curies":[{"name":"wp","href":"https:\/\/api.w.org\/{rel}","templated":true}]}}