{"id":36672,"date":"2017-11-27T00:00:11","date_gmt":"2017-11-27T02:00:11","guid":{"rendered":"http:\/\/catolicanet.net\/wp-cnet\/?p=36672"},"modified":"2017-11-29T10:17:57","modified_gmt":"2017-11-29T12:17:57","slug":"um-presente-do-papa-e-a-intercessao-de-guido-schaffer-amparam-tratamento-de-bebe","status":"publish","type":"post","link":"https:\/\/catolicanet.net\/wp-cnet\/um-presente-do-papa-e-a-intercessao-de-guido-schaffer-amparam-tratamento-de-bebe\/","title":{"rendered":"Um presente do Papa e a intercess\u00e3o de Guido Schaffer amparam tratamento de beb\u00ea"},"content":{"rendered":"<p>Os pais do pequeno Francisco, que sofre de uma doen\u00e7a rara, nem conheciam a hist\u00f3ria do Servo de Deus Guido Schaffer, mas, ap\u00f3s receberem uma rel\u00edquia desse jovem m\u00e9dico e seminarista, viram o tratamento deste beb\u00ea tomar novo impulso, ganhando inclusive o apoio do Papa que leva o mesmo nome da crian\u00e7a.<\/p>\n<p>Francisco tem pouco mais de um ano e meio, por\u00e9m, aos tr\u00eas meses de vida foi diagnosticado com amiotrofia muscular espinhal (AME), uma doen\u00e7a neuromuscular, degenerativa, gen\u00e9tica e rara que, no caso de crian\u00e7as, pode levar \u00e0 morte at\u00e9 o terceiro ano de vida.<\/p>\n<p>Os pais desse menino, Fl\u00e1vio e Daniela Garrido, promovem a campanha AME Francisco, com ajuda de amigos e familiares, a fim de arrecadar recursos para custear o tratamento de seis doses da medica\u00e7\u00e3o denominada Spinraza, a qual n\u00e3o era autorizada no Brasil at\u00e9 agosto.<\/p>\n<p>Diante dos problemas de sa\u00fade de seu filho e das dificuldades para conseguir a medica\u00e7\u00e3o no Brasil, Fl\u00e1vio Garrido decidiu escrever uma carta ao Papa Francisco em 14 de julho deste ano, sabendo que \u201c\u00e9 muito dif\u00edcil que uma carta chegue ao Papa\u201d. \u201cImagino a enorme quantidade de cartas que o Vaticano deve receber diariamente!\u201d.<\/p>\n<p>Mesmo assim, postou a missiva como carta registrada, \u201ccom f\u00e9 de que o Santo Padre tomaria conhecimento dela\u201d. Entretanto, \u201cinfelizmente, a carta original extraviou na Inglaterra e nunca chegou\u201d.<\/p>\n<p>\u201cFiquei muito chateado com o ocorrido, cheguei at\u00e9 pensar em reenviar a carta novamente ao Papa, o que acabei n\u00e3o fazendo\u201d, recordou.<\/p>\n<p>A fam\u00edlia seguiu com a campanha AME Francisco e, com aproximadamente 4 meses, conseguiram doa\u00e7\u00f5es para comprar as 3 primeiras doses do medicamento e a isen\u00e7\u00e3o dos impostos estaduais para todos os portadores de amiotrofia muscular espinhal no estado do Tocantins, onde vivem.<\/p>\n<p>\u201cTentamos comprar as 3 primeiras doses, mas o laborat\u00f3rio n\u00e3o nos autorizou a compra, pois eles s\u00f3 estavam vendendo as 4 primeiras doses juntas. Ficamos muito chateados, pois n\u00e3o t\u00ednhamos o dinheiro todo para as 4 doses e faltavam ainda aproximadamente 210 mil reais\u201d, contou Fl\u00e1vio.<\/p>\n<p>Nesse momento, a ajuda de parentes e amigos foi fundamental e conseguiram emprestado o valor que faltava para a compra das 4 doses. \u201cNo dia em que efetuamos o pagamento da medica\u00e7\u00e3o \u2013 lembrou o pai de Francisco \u2013, recebemos de uma amiga do Rio de Janeiro uma rel\u00edquia do Servo de Deus Guido Schaffer\u201d.<\/p>\n<p>\u201cA partir deste dia, come\u00e7amos a conhecer sua hist\u00f3ria de vida e tamb\u00e9m pedir a sua intercess\u00e3o neste processo pela cura do Francisco\u201d, ressaltou.<\/p>\n<p>Logo ap\u00f3s, esta mesma amiga colocou os pais de Francisco em contato com Eduardo, conhecido como Dudu, que era o melhor amigo de Guido e a pessoa que os tinha enviado a rel\u00edquia do Servo de Deus.<\/p>\n<p>Naquela \u00e9poca, Eduardo estava indo para o Vaticano e Fl\u00e1vio e Daniela contaram a ele \u201csobre a carta que nunca chegou ao Papa\u201d. O rapaz \u201cse prontificou em levar a carta para tentar entregar ao Papa\u201d.<\/p>\n<p>J\u00e1 \u201cno Vaticano, Eduardo entregou a carta ao Padre Bruno que levou ao conhecimento do Papa o conte\u00fado da mesma. Neste momento, o Papa pediu que nos fosse entregue esse ter\u00e7o\u201d, relatou Fl\u00e1vio, feliz pelo presente recebido.<\/p>\n<p>Este pai assinalou ainda que o ter\u00e7o lhes foi entregue \u201cexatamente 1 m\u00eas ap\u00f3s recebermos a rel\u00edquia de Guido\u201d.<\/p>\n<p>Diante de tudo isso, ressaltou, \u201centendemos que \u00e9 de joelhos fletidos, com f\u00e9 e rezando que vamos conseguir essa vit\u00f3ria. Sentimo-nos muito aben\u00e7oados recebendo esse presente do Santo Padre\u201d.<\/p>\n<p>Segundo Fl\u00e1vio Garrido, o pequeno Francisco receber\u00e1 a primeira dose da medica\u00e7\u00e3o na pr\u00f3xima semana. \u201cPedimos a todos que continuem rezando e pedindo intercess\u00e3o ao jovem Servo de Deus Guido pela recupera\u00e7\u00e3o plena do Francisco\u201d, completou.<\/p>\n<p>A campanha AME Francisco continua para a aquisi\u00e7\u00e3o da 5\u00aa dose do medicamento. Para ajudar, \u00e9 poss\u00edvel doar qualquer quantia nas contas banc\u00e1rias: Banco Ita\u00fa &#8211; Ag: 2799 \/ Conta poupan\u00e7a: 06304-1\/500 ou Banco do Brasil &#8211; Ag: 4560-8 \/ Conta poupan\u00e7a: 300-x (varia\u00e7\u00e3o 51), em nome de Francisco Martins Campe\u00e3o Garrido, CPF:082.274.931-9; tamb\u00e9m pelo site www.vakinha.com.br (AME FRANCISCO).<\/p>\n<p>&nbsp;<\/p>\n<p>Fonte: Acidigital<\/p>\n","protected":false},"excerpt":{"rendered":"<p>Os pais do pequeno Francisco, que sofre de uma doen\u00e7a rara, nem conheciam a hist\u00f3ria do Servo de Deus Guido Schaffer, mas, ap\u00f3s receberem uma rel\u00edquia desse jovem m\u00e9dico e seminarista, viram o tratamento deste beb\u00ea tomar novo impulso, ganhando inclusive o apoio do Papa que leva o mesmo nome da crian\u00e7a. Francisco tem pouco [&hellip;]<\/p>\n","protected":false},"author":1,"featured_media":36673,"comment_status":"open","ping_status":"closed","sticky":false,"template":"","format":"standard","meta":{"footnotes":""},"categories":[4,13],"tags":[],"class_list":["post-36672","post","type-post","status-publish","format-standard","has-post-thumbnail","hentry","category-cotidiano","category-featured"],"_links":{"self":[{"href":"https:\/\/catolicanet.net\/wp-cnet\/wp-json\/wp\/v2\/posts\/36672","targetHints":{"allow":["GET"]}}],"collection":[{"href":"https:\/\/catolicanet.net\/wp-cnet\/wp-json\/wp\/v2\/posts"}],"about":[{"href":"https:\/\/catolicanet.net\/wp-cnet\/wp-json\/wp\/v2\/types\/post"}],"author":[{"embeddable":true,"href":"https:\/\/catolicanet.net\/wp-cnet\/wp-json\/wp\/v2\/users\/1"}],"replies":[{"embeddable":true,"href":"https:\/\/catolicanet.net\/wp-cnet\/wp-json\/wp\/v2\/comments?post=36672"}],"version-history":[{"count":1,"href":"https:\/\/catolicanet.net\/wp-cnet\/wp-json\/wp\/v2\/posts\/36672\/revisions"}],"predecessor-version":[{"id":36674,"href":"https:\/\/catolicanet.net\/wp-cnet\/wp-json\/wp\/v2\/posts\/36672\/revisions\/36674"}],"wp:featuredmedia":[{"embeddable":true,"href":"https:\/\/catolicanet.net\/wp-cnet\/wp-json\/wp\/v2\/media\/36673"}],"wp:attachment":[{"href":"https:\/\/catolicanet.net\/wp-cnet\/wp-json\/wp\/v2\/media?parent=36672"}],"wp:term":[{"taxonomy":"category","embeddable":true,"href":"https:\/\/catolicanet.net\/wp-cnet\/wp-json\/wp\/v2\/categories?post=36672"},{"taxonomy":"post_tag","embeddable":true,"href":"https:\/\/catolicanet.net\/wp-cnet\/wp-json\/wp\/v2\/tags?post=36672"}],"curies":[{"name":"wp","href":"https:\/\/api.w.org\/{rel}","templated":true}]}}