{"id":36658,"date":"2017-11-29T08:23:19","date_gmt":"2017-11-29T10:23:19","guid":{"rendered":"http:\/\/catolicanet.net\/wp-cnet\/?p=36658"},"modified":"2017-11-29T10:00:52","modified_gmt":"2017-11-29T12:00:52","slug":"ele-se-afastou-da-fe-casou-separou-viveu-a-vida-louca-e-neste-mes-foi-ordenado-padre","status":"publish","type":"post","link":"https:\/\/catolicanet.net\/wp-cnet\/ele-se-afastou-da-fe-casou-separou-viveu-a-vida-louca-e-neste-mes-foi-ordenado-padre\/","title":{"rendered":"Ele se afastou da f\u00e9, casou, separou, viveu a vida louca e, neste m\u00eas, foi ordenado padre"},"content":{"rendered":"<p>A surpreendente hist\u00f3ria de mais uma voca\u00e7\u00e3o que ningu\u00e9m esperava&#8230; a n\u00e3o ser Deus<\/p>\n<p>Durante anos e anos, Louise foi ao santu\u00e1rio de Santo Ant\u00f4nio, em Boston, para rezar pelo filho ca\u00e7ula. Ele tinha se afastado da f\u00e9 cat\u00f3lica e levava uma vida de \u201covelha desgarrada\u201d.<\/p>\n<p>Na semana passada, a esperan\u00e7osa mulher de 91 anos recebeu, na porta da igreja, o folheto da celebra\u00e7\u00e3o de ordena\u00e7\u00e3o sacerdotal que continha um nome improv\u00e1vel: Anthony T. Cipolle.<\/p>\n<p>Era o nome do filho dela. O filho ca\u00e7ula. Anthony, agora ordenado padre cat\u00f3lico, testemunha:<\/p>\n<p>\u201cA minha m\u00e3e ia toda ter\u00e7a-feira at\u00e9 o santu\u00e1rio com a minha tia e rezava por mim, porque eu tinha me desgarrado. Eu conheci a f\u00e9 gra\u00e7as \u00e0 minha m\u00e3e\u201d.<\/p>\n<p>O pe. Anthony percorreu um caminho pouco usual at\u00e9 o sacerd\u00f3cio, passando por v\u00e1rias carreiras, pela paternidade, por um casamento e por uma anula\u00e7\u00e3o matrimonial. Ficou d\u00e9cadas longe da Igreja e mais dez anos estudando em prepara\u00e7\u00e3o para aquele dia. Enquanto a m\u00e3e se sentava em um dos bancos da igreja, Anthony estava de p\u00e9 na sacristia, rodeado de sacerdotes, di\u00e1conos e coroinhas, vestindo com fervor e recolhimento os paramentos sagrados.<\/p>\n<p>O coro entoa o hino de entrada.<\/p>\n<p>Uma fila de homens avan\u00e7a pelo corredor central, com os ac\u00f3litos \u00e0 frente \u2013 todos seminaristas, que, algum dia, tamb\u00e9m v\u00e3o ser ordenados padres. Logo em seguida vem Anthony, encabe\u00e7ando um grupo de mais de 30 sacerdotes e di\u00e1conos. Por fim, quem encerra a fila \u00e9 o bispo de Portland, dom Robert Deeley.<\/p>\n<p>O coro cresce num estribilho que resume magistralmente a hist\u00f3ria cujo \u00e1pice est\u00e1 chegando ali mesmo, diante do altar:<\/p>\n<p>Here I am, Lord. Is it I, Lord? I have heard you calling in the night.<\/p>\n<p>I will go, Lord, if you lead me. I will hold your people in my heart.<\/p>\n<p>(Eis-me aqui, Senhor. Serei eu, Senhor? Eu ouvi o teu chamado em meio \u00e0 noite.<\/p>\n<p>Eu irei, Senhor, se Tu me guiares. Eu guardarei o teu povo no meu cora\u00e7\u00e3o).<\/p>\n<p>&nbsp;<\/p>\n<p>Fonte: Aleteia<\/p>\n","protected":false},"excerpt":{"rendered":"<p>A surpreendente hist\u00f3ria de mais uma voca\u00e7\u00e3o que ningu\u00e9m esperava&#8230; a n\u00e3o ser Deus Durante anos e anos, Louise foi ao santu\u00e1rio de Santo Ant\u00f4nio, em Boston, para rezar pelo filho ca\u00e7ula. Ele tinha se afastado da f\u00e9 cat\u00f3lica e levava uma vida de \u201covelha desgarrada\u201d. Na semana passada, a esperan\u00e7osa mulher de 91 anos [&hellip;]<\/p>\n","protected":false},"author":1,"featured_media":36659,"comment_status":"open","ping_status":"closed","sticky":false,"template":"","format":"standard","meta":{"footnotes":""},"categories":[4],"tags":[],"class_list":["post-36658","post","type-post","status-publish","format-standard","has-post-thumbnail","hentry","category-cotidiano"],"_links":{"self":[{"href":"https:\/\/catolicanet.net\/wp-cnet\/wp-json\/wp\/v2\/posts\/36658","targetHints":{"allow":["GET"]}}],"collection":[{"href":"https:\/\/catolicanet.net\/wp-cnet\/wp-json\/wp\/v2\/posts"}],"about":[{"href":"https:\/\/catolicanet.net\/wp-cnet\/wp-json\/wp\/v2\/types\/post"}],"author":[{"embeddable":true,"href":"https:\/\/catolicanet.net\/wp-cnet\/wp-json\/wp\/v2\/users\/1"}],"replies":[{"embeddable":true,"href":"https:\/\/catolicanet.net\/wp-cnet\/wp-json\/wp\/v2\/comments?post=36658"}],"version-history":[{"count":1,"href":"https:\/\/catolicanet.net\/wp-cnet\/wp-json\/wp\/v2\/posts\/36658\/revisions"}],"predecessor-version":[{"id":36660,"href":"https:\/\/catolicanet.net\/wp-cnet\/wp-json\/wp\/v2\/posts\/36658\/revisions\/36660"}],"wp:featuredmedia":[{"embeddable":true,"href":"https:\/\/catolicanet.net\/wp-cnet\/wp-json\/wp\/v2\/media\/36659"}],"wp:attachment":[{"href":"https:\/\/catolicanet.net\/wp-cnet\/wp-json\/wp\/v2\/media?parent=36658"}],"wp:term":[{"taxonomy":"category","embeddable":true,"href":"https:\/\/catolicanet.net\/wp-cnet\/wp-json\/wp\/v2\/categories?post=36658"},{"taxonomy":"post_tag","embeddable":true,"href":"https:\/\/catolicanet.net\/wp-cnet\/wp-json\/wp\/v2\/tags?post=36658"}],"curies":[{"name":"wp","href":"https:\/\/api.w.org\/{rel}","templated":true}]}}