{"id":3665,"date":"2013-12-11T15:25:23","date_gmt":"2013-12-11T17:25:23","guid":{"rendered":"http:\/\/catolicanet.net\/wp-cnet\/vaticano-divulga-video-historico-por-ocasiao-dos-50-anos-do-inter-mirifica\/"},"modified":"2017-03-24T14:08:47","modified_gmt":"2017-03-24T17:08:47","slug":"vaticano-divulga-video-historico-por-ocasiao-dos-50-anos-do-inter-mirifica","status":"publish","type":"post","link":"https:\/\/catolicanet.net\/wp-cnet\/vaticano-divulga-video-historico-por-ocasiao-dos-50-anos-do-inter-mirifica\/","title":{"rendered":"Vaticano divulga v\u00eddeo hist\u00f3rico por ocasi\u00e3o dos 50 anos do Inter Mirifica"},"content":{"rendered":"<p style=\"text-align: justify;\"><img decoding=\"async\" src=\"http:\/\/catolicanet.com.br\/images\/stories\/vaticanodecreto.jpg\" border=\"0\" align=\"left\" \/>Imagens gravadas h\u00e1 mais de cinquenta anos dos momentos da Assembleia Conciliar do Vaticano II foram divulgadas pela Filmoteca Vaticana. O arquivo traz fotos e v\u00eddeos da promulga\u00e7\u00e3o do Decreto Inter Mirifica sobre os Meios de Comunica\u00e7\u00e3o Social, assinado pelo papa Paulo VI, em 4 de dezembro de 1963.<\/p>\n<p>Uma p\u00e1gina criada na internet pelo Pontif\u00edcio Conselho para as Comunica\u00e7\u00f5es Sociais, traduzida para cinco idiomas, celebra estes 50 anos do hist\u00f3rico documento e mostra as imagens em v\u00eddeo da aprova\u00e7\u00e3o do decreto. \u00c9 poss\u00edvel conferir, tamb\u00e9m, fotos da sala conciliar e textos que contam a trajet\u00f3ria do Decreto. Para ver os conte\u00fados basta acessar:  <a href=\"http:\/\/www.intermirifica50.va\" target=\"_blank\">www.intermirifica50.va<\/a><\/p>\n<p>No site em portugu\u00eas h\u00e1 um v\u00eddeo com a participa\u00e7\u00e3o do arcebispo do Rio de Janeiro (RJ), dom Orani Jo\u00e3o Tempesta, que explica o Decreto Inter Mirifica e sua import\u00e2ncia na vida da Igreja. \u201cEste documento pode ser considerado um divisor de \u00e1guas em rela\u00e7\u00e3o \u00e0 comunica\u00e7\u00e3o social. Foi a primeira vez que um Conc\u00edlio Ecum\u00eanico da Igreja abordou essa tem\u00e1tica da comunica\u00e7\u00e3o, indispens\u00e1vel para a a\u00e7\u00e3o pastoral, abrindo caminhos para reflex\u00f5es nesta \u00e1rea\u201d, recorda dom Orani.<\/p>\n<p><strong>Sobre o Decreto<\/strong><\/p>\n<p>A delegada da Filmoteca Vaticana, Claudia Di Giovanni, explicou que o dia 4 de dezembro de 1963, marcou uma etapa fundamental nas rela\u00e7\u00f5es entre a Igreja e os meios de comunica\u00e7\u00e3o. \u201cA sess\u00e3o p\u00fablica do segundo per\u00edodo do Conc\u00edlio Vaticano II foi fechada e o voto do Decreto sobre os meios de comunica\u00e7\u00e3o Social, Inter mirifica, foi feito\u201d, disse Di Giovanni.<\/p>\n<p>O Decreto foi aprovado com uma grande diferen\u00e7a de votos: 1960 a favor e 164 contra. Antes da vota\u00e7\u00e3o final de 1963, o documento foi muito criticado porque se argumentava que n\u00e3o tivesse a dignidade de um documento conciliar. O texto inicial foi reduzido de 114 para 24 par\u00e1grafos, de Constitui\u00e7\u00e3o passou a ser Decreto Conciliar.<\/p>\n<p style=\"text-align: justify;\">\u00a0<\/p>\n<p style=\"text-align: justify;\"><strong>Local: Bras\u00edlia (DF)<br \/>Fonte: CNBB<\/strong><\/p>\n","protected":false},"excerpt":{"rendered":"<p>Imagens gravadas h\u00e1 mais de cinquenta anos dos momentos da Assembleia Conciliar do Vaticano II foram divulgadas pela Filmoteca Vaticana. O arquivo traz fotos e v\u00eddeos da promulga\u00e7\u00e3o do Decreto Inter Mirifica sobre os Meios de Comunica\u00e7\u00e3o Social, assinado pelo papa Paulo VI, em 4 de dezembro de 1963. Uma p\u00e1gina criada na internet pelo [&hellip;]<\/p>\n","protected":false},"author":1,"featured_media":0,"comment_status":"closed","ping_status":"closed","sticky":false,"template":"","format":"standard","meta":{"footnotes":""},"categories":[7],"tags":[],"class_list":["post-3665","post","type-post","status-publish","format-standard","hentry","category-cnbb"],"_links":{"self":[{"href":"https:\/\/catolicanet.net\/wp-cnet\/wp-json\/wp\/v2\/posts\/3665","targetHints":{"allow":["GET"]}}],"collection":[{"href":"https:\/\/catolicanet.net\/wp-cnet\/wp-json\/wp\/v2\/posts"}],"about":[{"href":"https:\/\/catolicanet.net\/wp-cnet\/wp-json\/wp\/v2\/types\/post"}],"author":[{"embeddable":true,"href":"https:\/\/catolicanet.net\/wp-cnet\/wp-json\/wp\/v2\/users\/1"}],"replies":[{"embeddable":true,"href":"https:\/\/catolicanet.net\/wp-cnet\/wp-json\/wp\/v2\/comments?post=3665"}],"version-history":[{"count":1,"href":"https:\/\/catolicanet.net\/wp-cnet\/wp-json\/wp\/v2\/posts\/3665\/revisions"}],"predecessor-version":[{"id":8003,"href":"https:\/\/catolicanet.net\/wp-cnet\/wp-json\/wp\/v2\/posts\/3665\/revisions\/8003"}],"wp:attachment":[{"href":"https:\/\/catolicanet.net\/wp-cnet\/wp-json\/wp\/v2\/media?parent=3665"}],"wp:term":[{"taxonomy":"category","embeddable":true,"href":"https:\/\/catolicanet.net\/wp-cnet\/wp-json\/wp\/v2\/categories?post=3665"},{"taxonomy":"post_tag","embeddable":true,"href":"https:\/\/catolicanet.net\/wp-cnet\/wp-json\/wp\/v2\/tags?post=3665"}],"curies":[{"name":"wp","href":"https:\/\/api.w.org\/{rel}","templated":true}]}}